{"id":9483,"date":"2024-02-05T09:44:00","date_gmt":"2024-02-05T07:44:00","guid":{"rendered":"https:\/\/vallox.com\/asuntokohtainen-ilmanvaihto-uuteen-kerrostaloon\/"},"modified":"2026-08-30T11:55:02","modified_gmt":"2026-08-30T08:55:02","slug":"decentraliserad-ventilation-i-ett-nytt-flervaningshus","status":"publish","type":"post","link":"https:\/\/www.vallox.com\/sv\/decentraliserad-ventilation-i-ett-nytt-flervaningshus\/","title":{"rendered":"Decentraliserad ventilation i ett nytt flerv\u00e5ningshus"},"content":{"rendered":"\n<p class=\"wp-block-paragraph\"><em>Senast uppdaterad: 30.8.2026<\/em><\/p>\n\n\n\n<div style=\"height:60px\" aria-hidden=\"true\" class=\"wp-block-spacer\"><\/div>\n\n\n    <div id=\"\" class=\"Block Section overflow-hidden w-full\">\n        <div class=\"Section-content relative max-w-[1088px] mx-auto w-full\">\n            \n<div  class=\"Image w-full h-auto mb-8\">\n    <img decoding=\"async\"\n        srcset=\"\n            https:\/\/www.vallox.com\/app\/uploads\/2023\/07\/kerrostalorakenteilla_1920x540px.jpg-1024x288.png 1024w,\n            https:\/\/www.vallox.com\/app\/uploads\/2023\/07\/kerrostalorakenteilla_1920x540px.jpg-768x216.png 768w,\n            https:\/\/www.vallox.com\/app\/uploads\/2023\/07\/kerrostalorakenteilla_1920x540px.jpg-300x84.png 300w,\n            https:\/\/www.vallox.com\/app\/uploads\/2023\/07\/kerrostalorakenteilla_1920x540px.jpg-150x150.png 150w,\n        \"\n        alt=\"rakenteilla oleva uusi kerrostalo\"\n        src=\"https:\/\/www.vallox.com\/app\/uploads\/2023\/07\/kerrostalorakenteilla_1920x540px.jpg-300x84.png\"\n        class=\"object-cover w-full h-auto\"\n    \/>\n    <\/div>\n\n\n\n<p class=\"wp-block-paragraph\"><\/p>\n\n\n\n<h2 class=\"wp-block-heading\">Ett ventilationsaggregat i varje l\u00e4genhet f\u00f6rb\u00e4ttrar boendekomforten<\/h2>\n\n\n\n<p class=\"wp-block-paragraph\"><\/p>\n\n\n\n<p class=\"wp-block-paragraph\">Enligt ett gammalt ordspr\u00e5k m\u00e4rker man en bra ventilation genom att man inte m\u00e4rker den. F\u00f6r att ventilationen ska fungera komfortabelt m\u00e5ste den kunna anpassas till mycket varierande behov. Antalet boende i liknande bost\u00e4der kan variera avsev\u00e4rt. Ett ensamhush\u00e5ll beh\u00f6ver betydligt mindre ventilation \u00e4n en storfamilj. Antalet personer i bostaden kan ocks\u00e5 variera under olika tider p\u00e5 dygnet. Dessutom kan \u00e4ldre personer vara s\u00e4rskilt k\u00e4nsliga f\u00f6r drag. I moderna och v\u00e4lisolerade flerbostadshus kan dock \u00f6vertemperatur vara ett problem. I en alltf\u00f6r varm bostad upplevs inomhusluften ofta som d\u00e5lig, och ventilationen f\u00e5r skulden trots att orsaken i sj\u00e4lva verket \u00e4r den h\u00f6ga temperaturen. D\u00e4rf\u00f6r \u00e4r det viktigt att de boende sj\u00e4lva kan p\u00e5verka b\u00e5de ventilationsniv\u00e5n och tilluftens temperatur.<\/p>\n\n\n\n<p class=\"wp-block-paragraph\">Ventilationens viktigaste uppgift \u00e4r att avl\u00e4gsna fukt. V\u00e5trum beh\u00f6ver torka snabbt efter anv\u00e4ndning f\u00f6r att byggnadskonstruktionerna ska h\u00e5llas i gott skick och bostaden k\u00e4nnas fr\u00e4sch. Det \u00e4r dock varken f\u00f6rnuftigt eller alltid komfortabelt att uppr\u00e4tth\u00e5lla en s\u00e5 h\u00f6g ventilationsniv\u00e5 kontinuerligt. L\u00e4genhetsspecifik ventilation kan forceras exakt n\u00e4r behov uppst\u00e5r och endast i den bostad d\u00e4r behovet finns. En fuktgivare som \u00e4r ansluten till ventilationsaggregatet sk\u00f6ter detta automatiskt och ser till att forceringen inte l\u00e4mnas p\u00e5 i on\u00f6dan.<\/p>\n\n\n\n<p class=\"wp-block-paragraph\">Rumsluften kan ibland p\u00e5 vintern k\u00e4nnas alltf\u00f6r torr, men \u00e5 andra sidan kr\u00e4vs effektiv avfuktning n\u00e4r stora m\u00e4ngder tv\u00e4tt torkas. N\u00e4r bostaden l\u00e4mnas tom kan man minska ventilationen, vilket \u00e4ven l\u00f6nar sig med tanke p\u00e5 energibesparing. N\u00e4r man som boende sj\u00e4lv f\u00e5r reglera ventilationens effekt efter hur den k\u00e4nns, utifr\u00e5n behoven och hur man \u00e4r hemma\/borta \u00f6kar tillfredsst\u00e4llelsen. Dessutom kan ett husbolag spara avsev\u00e4rda m\u00e4ngder uppv\u00e4rmningsenergi och el med en decentraliserad och behovsanpassad ventilation.<\/p>\n\n\n\n<p class=\"wp-block-paragraph\"><\/p>\n\n\n<div  class=\"Image w-full h-auto mb-8\">\n    <img decoding=\"async\"\n        srcset=\"\n            https:\/\/www.vallox.com\/app\/uploads\/2023\/07\/Artikkeli_AsuntokohtainenIVkerrostaloon_2_940x628px-1024x684.jpg 1024w,\n            https:\/\/www.vallox.com\/app\/uploads\/2023\/07\/Artikkeli_AsuntokohtainenIVkerrostaloon_2_940x628px-768x513.jpg 768w,\n            https:\/\/www.vallox.com\/app\/uploads\/2023\/07\/Artikkeli_AsuntokohtainenIVkerrostaloon_2_940x628px-300x200.jpg 300w,\n            https:\/\/www.vallox.com\/app\/uploads\/2023\/07\/Artikkeli_AsuntokohtainenIVkerrostaloon_2_940x628px-150x150.jpg 150w,\n        \"\n        alt=\"kerrostaloasunnon keitti\u00f6\"\n        src=\"https:\/\/www.vallox.com\/app\/uploads\/2023\/07\/Artikkeli_AsuntokohtainenIVkerrostaloon_2_940x628px-300x200.jpg\"\n        class=\"object-cover w-full h-auto\"\n    \/>\n            <div class=\"ImageTexts\">\n            \n                            <div class=\"Description\">\n                    Decentraliserad ventilation s\u00e4kerst\u00e4ller att ljud, lukter eller eventuella f\u00f6rbr\u00e4nningsgaser inte kan spridas mellan l\u00e4genheter via ventilationssystemet.\n                <\/div>\n                    <\/div>\n    <\/div>\n\n\n\n<h2 class=\"wp-block-heading\">L\u00e4genhetsspecifik ventilation kr\u00e4ver inget fl\u00e4ktrum eller vertikala kanalschakt<\/h2>\n\n\n\n<p class=\"wp-block-paragraph\">Investeringskostnaden f\u00f6r ett ventilationssystem p\u00e5verkas inte bara av sj\u00e4lva ventilationsaggregatet och kanalsystemet, utan \u00e4ven av de byggnadstekniska arbeten som installationen kr\u00e4ver. Dessa kringarbeten kan utg\u00f6ra en betydande del av den totala installationskostnaden. L\u00e4genhetsspecifik ventilation \u00e4r en kostnadseffektiv l\u00f6sning eftersom inget separat fl\u00e4ktrum och inga stora vertikala kanalschakt beh\u00f6vs.<\/p>\n\n\n\n<p class=\"wp-block-paragraph\">I flerbostadshus anv\u00e4nds oftast en spisk\u00e5pa som \u00e4r ansluten till ventilationsaggregatet, vilket eliminerar behovet av en separat fr\u00e5nluftskanal fr\u00e5n spisen upp till taket. N\u00e4r spisk\u00e5pans osuppf\u00e5ngning \u00e4r ansluten till ventilationsaggregatet m\u00e5ste \u00e4ven fr\u00e5nluften fr\u00e5n spisk\u00e5pan passera genom v\u00e4rme\u00e5tervinningscellen. Detta s\u00e4kerst\u00e4ller att v\u00e4rmev\u00e4xlaren h\u00e5lls fri fr\u00e5n frost \u00e4ven under str\u00e4ng vinterkyla och att ventilationen fungerar tillf\u00f6rlitligt. Via den spisk\u00e5pa som \u00e4r ansluten till ventilationsaggregatet kan man \u00e4ven styra ventilationsaggregatet.<\/p>\n\n\n\n<p class=\"wp-block-paragraph\">Inne i bostaden \u00e4r m\u00e4ngden ventilationskanaler vanligtvis ganska begr\u00e4nsad. Merparten av kanalerna installeras vanligen i taket i badrummet och hallen. I \u00f6vriga rum beh\u00f6vs det ofta inte mer \u00e4n en ventilationsventil i v\u00e4ggen.<\/p>\n\n\n\n<p class=\"wp-block-paragraph\"><\/p>\n\n\n\n<h2 class=\"wp-block-heading\">En decentraliserad ventilation \u00e4r enkel och drifts\u00e4ker<\/h2>\n\n\n\n<p class=\"wp-block-paragraph\"><\/p>\n\n\n\n<p class=\"wp-block-paragraph\">L\u00e4genhetsspecifika ventilationsaggregat \u00e4r fabriksbyggda, driftsklara enheter som inneh\u00e5ller \u00f6nskad automationsniv\u00e5 samt anslutningar till \u00f6vriga tekniska installationer i byggnaden.<\/p>\n\n\n\n<p class=\"wp-block-paragraph\">I byggnader som \u00e4r utrustade med l\u00e4genhetsspecifika ventilationsaggregat p\u00e5verkas ventilationen inte av variationer i utomhustemperaturen, vilket kan f\u00f6rekomma i centraliserade ventilationssystem som betj\u00e4nar hela byggnaden eller ett trapphus. Eftersom det inte finns n\u00e5gon kanalanslutning mellan l\u00e4genheterna uppst\u00e5r inte heller den s\u00e5 kallade skorstenseffekten, ett vanligt problem i flerbostadshus. Under kalla vinterperioder kan detta fenomen leda till \u00f6vertryck i de \u00f6versta v\u00e5ningarnas l\u00e4genheter via ventilationskanalerna, samtidigt som fr\u00e5nluftsfl\u00f6det \u00f6kar i de nedre v\u00e5ningarna. Resultatet blir ett v\u00e4xande undertryck, luftl\u00e4ckage genom konstruktionen och drag.<\/p>\n\n\n\n<p class=\"wp-block-paragraph\">Decentraliserad ventilation erbjuder \u00e4ven andra f\u00f6rdelar som \u00f6kar boendekomforten. Ljud, lukter och eventuella r\u00f6kgaser kan inte spridas mellan l\u00e4genheter via ventilationssystemet. Ett decentraliserat ventilationssystem \u00e4r dessutom brands\u00e4kert eftersom alla kanaler och komponenter \u00e4r placerade inom den enskilda l\u00e4genheten. Kanalsystemet beh\u00f6ver inga regler- eller brandspj\u00e4ll som kr\u00e4ver underh\u00e5ll och kontroll och vars felfunktioner inte alltid uppt\u00e4cks.<\/p>\n\n\n\n<p class=\"wp-block-paragraph\">Ventilationsaggregat med plattv\u00e4rmev\u00e4xlare blandar inte ren och f\u00f6rorenad luft och \u00e5terf\u00f6r inte heller lukt eller fukt fr\u00e5n fr\u00e5nluften till bostaden via tilluften. En plattv\u00e4rmev\u00e4xlare inneh\u00e5ller inga r\u00f6rliga, slitande eller \u00f6mt\u00e5liga delar och kr\u00e4ver inget annat underh\u00e5ll \u00e4n reng\u00f6ring.<\/p>\n\n\n\n<p class=\"wp-block-paragraph\">Ett l\u00e4genhetsspecifikt ventilationssystem \u00e4r i grunden enkelt, l\u00e4tt att injustera och snabbt att drifts\u00e4tta. Drifts\u00e4ttningen kan genomf\u00f6ras l\u00e4genhet f\u00f6r l\u00e4genhet i takt med att ventilationsinstallationerna f\u00e4rdigst\u00e4lls, \u00e4ven om inte alla l\u00e4genheter \u00e4r klara samtidigt. Tack vare den intelligenta avfrostningsautomatiken SmartDefrost by Vallox\u00ae sker avfrostningen av v\u00e4rme\u00e5tervinningscellen dessutom p\u00e5 det mest energieffektiva s\u00e4ttet m\u00f6jligt, genom att utnyttja v\u00e4rmeenergin i fr\u00e5nluften.<\/p>\n\n\n\n<p class=\"wp-block-paragraph\"><\/p>\n\n\n<div  class=\"Image w-full h-auto mb-8\">\n    <img decoding=\"async\"\n        srcset=\"\n            https:\/\/www.vallox.com\/app\/uploads\/2023\/07\/Artikkeli_AsuntokohtainenIVkerrostaloon_3_940x628px-1024x684.jpg 1024w,\n            https:\/\/www.vallox.com\/app\/uploads\/2023\/07\/Artikkeli_AsuntokohtainenIVkerrostaloon_3_940x628px-768x513.jpg 768w,\n            https:\/\/www.vallox.com\/app\/uploads\/2023\/07\/Artikkeli_AsuntokohtainenIVkerrostaloon_3_940x628px-300x200.jpg 300w,\n            https:\/\/www.vallox.com\/app\/uploads\/2023\/07\/Artikkeli_AsuntokohtainenIVkerrostaloon_3_940x628px-150x150.jpg 150w,\n        \"\n        alt=\"kerrostaloasunnon asuntokohtainen ilmanvaihtokone\"\n        src=\"https:\/\/www.vallox.com\/app\/uploads\/2023\/07\/Artikkeli_AsuntokohtainenIVkerrostaloon_3_940x628px-300x200.jpg\"\n        class=\"object-cover w-full h-auto\"\n    \/>\n            <div class=\"ImageTexts\">\n            \n                            <div class=\"Description\">\n                    Den l\u00e4genhetsspecifika ventilationen kan utformas s\u00e5 att underh\u00e5ll och service kan utf\u00f6ras fr\u00e5n trapphussidan utan tilltr\u00e4de till l\u00e4genheten.\n                <\/div>\n                    <\/div>\n    <\/div>\n\n\n\n<p class=\"wp-block-paragraph\"><\/p>\n\n\n\n<h2 class=\"wp-block-heading\">Konstantfl\u00f6desegenskapen h\u00e5ller lufttrycket konstant<\/h2>\n\n\n\n<p class=\"wp-block-paragraph\"><\/p>\n\n\n\n<p class=\"wp-block-paragraph\">Ett ventilationsaggregat med <strong>Constant Flow-fl\u00e4ktar<\/strong> s\u00e4kerst\u00e4ller att lufttrycket i bostaden alltid h\u00e5lls stabilt. <strong>MyVallox CFi-ventilationsaggregat<\/strong> kompenserar automatiskt f\u00f6r f\u00f6r\u00e4ndringar i tryckf\u00f6rh\u00e5llandena som kan orsakas av bland annat igensatta filter och ventiler, variationer i utomhustemperaturen, kondensbildning och p\u00e5frysning i v\u00e4rme\u00e5tervinningscellen samt bypassfunktion f\u00f6r v\u00e4rme\u00e5tervinningen.<\/p>\n\n\n\n<p class=\"wp-block-paragraph\">Constant Flow-funktionen \u00e4r s\u00e4rskilt f\u00f6rdelaktig i flerbostadshus, d\u00e4r den kan kompensera f\u00f6r vindens inverkan p\u00e5 ventilationen. Den f\u00f6rebygger problem som orsakas av varierande lufttryck, exempelvis imbildning p\u00e5 f\u00f6nster till f\u00f6ljd av \u00f6vertryck samt att v\u00e4rme samlas i de \u00f6versta v\u00e5ningarna. <strong>Vallox 99 CFi<\/strong>, utrustad med Constant Flow-fl\u00e4ktar, \u00e4r ett utm\u00e4rkt val f\u00f6r l\u00e4genhetsspecifik ventilation i flerbostadshus.<\/p>\n\n\n    <\/div>\n<\/div>\n","protected":false},"excerpt":{"rendered":"<p>Senast uppdaterad: 30.8.2026<\/p>\n","protected":false},"author":5,"featured_media":19296,"comment_status":"closed","ping_status":"closed","sticky":false,"template":"","format":"standard","meta":{"_acf_changed":false,"footnotes":""},"categories":[238],"tags":[239],"class_list":["post-9483","post","type-post","status-publish","format-standard","has-post-thumbnail","hentry","category-artikkelit-sv","tag-yleinen-sv"],"acf":[],"yoast_head":"<!-- This site is optimized with the Yoast SEO plugin v27.6 - https:\/\/yoast.com\/product\/yoast-seo-wordpress\/ -->\n<title>Decentraliserad ventilation i ett nytt flerv\u00e5ningshus - Vallox<\/title>\n<meta name=\"description\" content=\"Ventilationsaggregat som placeras i varje l\u00e4genhet \u00e4r fabrikstillverkade aggregat som \u00e4r klara att tas i drift och inkluderar automatik p\u00e5 \u00f6nskad niv\u00e5 samt anslutningar till den \u00f6vriga tekniken i huset.\" \/>\n<meta name=\"robots\" content=\"index, follow, max-snippet:-1, max-image-preview:large, max-video-preview:-1\" \/>\n<link rel=\"canonical\" href=\"https:\/\/www.vallox.com\/sv\/decentraliserad-ventilation-i-ett-nytt-flervaningshus\/\" \/>\n<meta property=\"og:locale\" content=\"sv_SE\" \/>\n<meta property=\"og:type\" content=\"article\" \/>\n<meta property=\"og:title\" content=\"Decentraliserad ventilation i ett nytt flerv\u00e5ningshus - Vallox\" \/>\n<meta property=\"og:description\" content=\"Ventilationsaggregat som placeras i varje l\u00e4genhet \u00e4r fabrikstillverkade aggregat som \u00e4r klara att tas i drift och inkluderar automatik p\u00e5 \u00f6nskad niv\u00e5 samt anslutningar till den \u00f6vriga tekniken i huset.\" \/>\n<meta property=\"og:url\" content=\"https:\/\/www.vallox.com\/sv\/decentraliserad-ventilation-i-ett-nytt-flervaningshus\/\" \/>\n<meta property=\"og:site_name\" content=\"Vallox\" \/>\n<meta property=\"article:publisher\" content=\"https:\/\/www.facebook.com\/valloxoy\" \/>\n<meta property=\"article:published_time\" content=\"2024-02-05T07:44:00+00:00\" \/>\n<meta property=\"article:modified_time\" content=\"2026-08-30T08:55:02+00:00\" \/>\n<meta property=\"og:image\" content=\"https:\/\/www.vallox.com\/app\/uploads\/2023\/11\/OutInVarioFeatured_720x480px.png\" \/>\n\t<meta property=\"og:image:width\" content=\"720\" \/>\n\t<meta property=\"og:image:height\" content=\"480\" \/>\n\t<meta property=\"og:image:type\" content=\"image\/png\" \/>\n<meta name=\"author\" content=\"Viola Juuso\" \/>\n<meta name=\"twitter:card\" content=\"summary_large_image\" \/>\n<meta name=\"twitter:label1\" content=\"Written by\" \/>\n\t<meta name=\"twitter:data1\" content=\"Viola Juuso\" \/>\n\t<meta name=\"twitter:label2\" content=\"Est. reading time\" \/>\n\t<meta name=\"twitter:data2\" content=\"12 minutes\" \/>\n<script type=\"application\/ld+json\" class=\"yoast-schema-graph\">{\"@context\":\"https:\\\/\\\/schema.org\",\"@graph\":[{\"@type\":\"Article\",\"@id\":\"https:\\\/\\\/www.vallox.com\\\/sv\\\/decentraliserad-ventilation-i-ett-nytt-flervaningshus\\\/#article\",\"isPartOf\":{\"@id\":\"https:\\\/\\\/www.vallox.com\\\/sv\\\/decentraliserad-ventilation-i-ett-nytt-flervaningshus\\\/\"},\"author\":{\"name\":\"Viola Juuso\",\"@id\":\"https:\\\/\\\/www.vallox.com\\\/sv\\\/#\\\/schema\\\/person\\\/f044541c8c8daf7c7be6749fb9ed43fb\"},\"headline\":\"Decentraliserad ventilation i ett nytt flerv\u00e5ningshus\",\"datePublished\":\"2024-02-05T07:44:00+00:00\",\"dateModified\":\"2026-08-30T08:55:02+00:00\",\"mainEntityOfPage\":{\"@id\":\"https:\\\/\\\/www.vallox.com\\\/sv\\\/decentraliserad-ventilation-i-ett-nytt-flervaningshus\\\/\"},\"wordCount\":991,\"publisher\":{\"@id\":\"https:\\\/\\\/www.vallox.com\\\/sv\\\/#organization\"},\"image\":{\"@id\":\"https:\\\/\\\/www.vallox.com\\\/sv\\\/decentraliserad-ventilation-i-ett-nytt-flervaningshus\\\/#primaryimage\"},\"thumbnailUrl\":\"https:\\\/\\\/www.vallox.com\\\/app\\\/uploads\\\/2023\\\/11\\\/OutInVarioFeatured_720x480px.png\",\"keywords\":[\"yleinen\"],\"articleSection\":[\"Artiklar\"],\"inLanguage\":\"sv-SE\"},{\"@type\":\"WebPage\",\"@id\":\"https:\\\/\\\/www.vallox.com\\\/sv\\\/decentraliserad-ventilation-i-ett-nytt-flervaningshus\\\/\",\"url\":\"https:\\\/\\\/www.vallox.com\\\/sv\\\/decentraliserad-ventilation-i-ett-nytt-flervaningshus\\\/\",\"name\":\"Decentraliserad ventilation i ett nytt flerv\u00e5ningshus - Vallox\",\"isPartOf\":{\"@id\":\"https:\\\/\\\/www.vallox.com\\\/sv\\\/#website\"},\"primaryImageOfPage\":{\"@id\":\"https:\\\/\\\/www.vallox.com\\\/sv\\\/decentraliserad-ventilation-i-ett-nytt-flervaningshus\\\/#primaryimage\"},\"image\":{\"@id\":\"https:\\\/\\\/www.vallox.com\\\/sv\\\/decentraliserad-ventilation-i-ett-nytt-flervaningshus\\\/#primaryimage\"},\"thumbnailUrl\":\"https:\\\/\\\/www.vallox.com\\\/app\\\/uploads\\\/2023\\\/11\\\/OutInVarioFeatured_720x480px.png\",\"datePublished\":\"2024-02-05T07:44:00+00:00\",\"dateModified\":\"2026-08-30T08:55:02+00:00\",\"description\":\"Ventilationsaggregat som placeras i varje l\u00e4genhet \u00e4r fabrikstillverkade aggregat som \u00e4r klara att tas i drift och inkluderar automatik p\u00e5 \u00f6nskad niv\u00e5 samt anslutningar till den \u00f6vriga tekniken i huset.\",\"breadcrumb\":{\"@id\":\"https:\\\/\\\/www.vallox.com\\\/sv\\\/decentraliserad-ventilation-i-ett-nytt-flervaningshus\\\/#breadcrumb\"},\"inLanguage\":\"sv-SE\",\"potentialAction\":[{\"@type\":\"ReadAction\",\"target\":[\"https:\\\/\\\/www.vallox.com\\\/sv\\\/decentraliserad-ventilation-i-ett-nytt-flervaningshus\\\/\"]}]},{\"@type\":\"ImageObject\",\"inLanguage\":\"sv-SE\",\"@id\":\"https:\\\/\\\/www.vallox.com\\\/sv\\\/decentraliserad-ventilation-i-ett-nytt-flervaningshus\\\/#primaryimage\",\"url\":\"https:\\\/\\\/www.vallox.com\\\/app\\\/uploads\\\/2023\\\/11\\\/OutInVarioFeatured_720x480px.png\",\"contentUrl\":\"https:\\\/\\\/www.vallox.com\\\/app\\\/uploads\\\/2023\\\/11\\\/OutInVarioFeatured_720x480px.png\",\"width\":720,\"height\":480,\"caption\":\"Out in Vario kerrostalon sein\u00e4ss\u00e4\"},{\"@type\":\"BreadcrumbList\",\"@id\":\"https:\\\/\\\/www.vallox.com\\\/sv\\\/decentraliserad-ventilation-i-ett-nytt-flervaningshus\\\/#breadcrumb\",\"itemListElement\":[{\"@type\":\"ListItem\",\"position\":1,\"name\":\"Home\",\"item\":\"https:\\\/\\\/www.vallox.com\\\/sv\\\/\"},{\"@type\":\"ListItem\",\"position\":2,\"name\":\"Decentraliserad ventilation i ett nytt flerv\u00e5ningshus\"}]},{\"@type\":\"WebSite\",\"@id\":\"https:\\\/\\\/www.vallox.com\\\/sv\\\/#website\",\"url\":\"https:\\\/\\\/www.vallox.com\\\/sv\\\/\",\"name\":\"Vallox\",\"description\":\"\",\"publisher\":{\"@id\":\"https:\\\/\\\/www.vallox.com\\\/sv\\\/#organization\"},\"potentialAction\":[{\"@type\":\"SearchAction\",\"target\":{\"@type\":\"EntryPoint\",\"urlTemplate\":\"https:\\\/\\\/www.vallox.com\\\/sv\\\/?s={search_term_string}\"},\"query-input\":{\"@type\":\"PropertyValueSpecification\",\"valueRequired\":true,\"valueName\":\"search_term_string\"}}],\"inLanguage\":\"sv-SE\"},{\"@type\":\"Organization\",\"@id\":\"https:\\\/\\\/www.vallox.com\\\/sv\\\/#organization\",\"name\":\"Vallox Oy\",\"alternateName\":\"Vallox\",\"url\":\"https:\\\/\\\/www.vallox.com\\\/sv\\\/\",\"logo\":{\"@type\":\"ImageObject\",\"inLanguage\":\"sv-SE\",\"@id\":\"https:\\\/\\\/www.vallox.com\\\/sv\\\/#\\\/schema\\\/logo\\\/image\\\/\",\"url\":\"https:\\\/\\\/www.vallox.com\\\/app\\\/uploads\\\/2026\\\/02\\\/ValloxLogo-HomeSlogan_RGB_Main_500px.webp\",\"contentUrl\":\"https:\\\/\\\/www.vallox.com\\\/app\\\/uploads\\\/2026\\\/02\\\/ValloxLogo-HomeSlogan_RGB_Main_500px.webp\",\"width\":500,\"height\":262,\"caption\":\"Vallox Oy\"},\"image\":{\"@id\":\"https:\\\/\\\/www.vallox.com\\\/sv\\\/#\\\/schema\\\/logo\\\/image\\\/\"},\"sameAs\":[\"https:\\\/\\\/www.facebook.com\\\/valloxoy\",\"https:\\\/\\\/www.linkedin.com\\\/company\\\/vallox-oy\\\/\",\"https:\\\/\\\/www.instagram.com\\\/valloxoy\\\/\"]},{\"@type\":\"Person\",\"@id\":\"https:\\\/\\\/www.vallox.com\\\/sv\\\/#\\\/schema\\\/person\\\/f044541c8c8daf7c7be6749fb9ed43fb\",\"name\":\"Viola Juuso\",\"image\":{\"@type\":\"ImageObject\",\"inLanguage\":\"sv-SE\",\"@id\":\"https:\\\/\\\/secure.gravatar.com\\\/avatar\\\/66a06262981bfaee600d4fc405a92c846ae081d555b32e08ee7b8b43fe1fc3ba?s=96&d=mm&r=g\",\"url\":\"https:\\\/\\\/secure.gravatar.com\\\/avatar\\\/66a06262981bfaee600d4fc405a92c846ae081d555b32e08ee7b8b43fe1fc3ba?s=96&d=mm&r=g\",\"contentUrl\":\"https:\\\/\\\/secure.gravatar.com\\\/avatar\\\/66a06262981bfaee600d4fc405a92c846ae081d555b32e08ee7b8b43fe1fc3ba?s=96&d=mm&r=g\",\"caption\":\"Viola Juuso\"}}]}<\/script>\n<!-- \/ Yoast SEO plugin. -->","yoast_head_json":{"title":"Decentraliserad ventilation i ett nytt flerv\u00e5ningshus - Vallox","description":"Ventilationsaggregat som placeras i varje l\u00e4genhet \u00e4r fabrikstillverkade aggregat som \u00e4r klara att tas i drift och inkluderar automatik p\u00e5 \u00f6nskad niv\u00e5 samt anslutningar till den \u00f6vriga tekniken i huset.","robots":{"index":"index","follow":"follow","max-snippet":"max-snippet:-1","max-image-preview":"max-image-preview:large","max-video-preview":"max-video-preview:-1"},"canonical":"https:\/\/www.vallox.com\/sv\/decentraliserad-ventilation-i-ett-nytt-flervaningshus\/","og_locale":"sv_SE","og_type":"article","og_title":"Decentraliserad ventilation i ett nytt flerv\u00e5ningshus - Vallox","og_description":"Ventilationsaggregat som placeras i varje l\u00e4genhet \u00e4r fabrikstillverkade aggregat som \u00e4r klara att tas i drift och inkluderar automatik p\u00e5 \u00f6nskad niv\u00e5 samt anslutningar till den \u00f6vriga tekniken i huset.","og_url":"https:\/\/www.vallox.com\/sv\/decentraliserad-ventilation-i-ett-nytt-flervaningshus\/","og_site_name":"Vallox","article_publisher":"https:\/\/www.facebook.com\/valloxoy","article_published_time":"2024-02-05T07:44:00+00:00","article_modified_time":"2026-08-30T08:55:02+00:00","og_image":[{"width":720,"height":480,"url":"https:\/\/www.vallox.com\/app\/uploads\/2023\/11\/OutInVarioFeatured_720x480px.png","type":"image\/png"}],"author":"Viola Juuso","twitter_card":"summary_large_image","twitter_misc":{"Written by":"Viola Juuso","Est. reading time":"12 minutes"},"schema":{"@context":"https:\/\/schema.org","@graph":[{"@type":"Article","@id":"https:\/\/www.vallox.com\/sv\/decentraliserad-ventilation-i-ett-nytt-flervaningshus\/#article","isPartOf":{"@id":"https:\/\/www.vallox.com\/sv\/decentraliserad-ventilation-i-ett-nytt-flervaningshus\/"},"author":{"name":"Viola Juuso","@id":"https:\/\/www.vallox.com\/sv\/#\/schema\/person\/f044541c8c8daf7c7be6749fb9ed43fb"},"headline":"Decentraliserad ventilation i ett nytt flerv\u00e5ningshus","datePublished":"2024-02-05T07:44:00+00:00","dateModified":"2026-08-30T08:55:02+00:00","mainEntityOfPage":{"@id":"https:\/\/www.vallox.com\/sv\/decentraliserad-ventilation-i-ett-nytt-flervaningshus\/"},"wordCount":991,"publisher":{"@id":"https:\/\/www.vallox.com\/sv\/#organization"},"image":{"@id":"https:\/\/www.vallox.com\/sv\/decentraliserad-ventilation-i-ett-nytt-flervaningshus\/#primaryimage"},"thumbnailUrl":"https:\/\/www.vallox.com\/app\/uploads\/2023\/11\/OutInVarioFeatured_720x480px.png","keywords":["yleinen"],"articleSection":["Artiklar"],"inLanguage":"sv-SE"},{"@type":"WebPage","@id":"https:\/\/www.vallox.com\/sv\/decentraliserad-ventilation-i-ett-nytt-flervaningshus\/","url":"https:\/\/www.vallox.com\/sv\/decentraliserad-ventilation-i-ett-nytt-flervaningshus\/","name":"Decentraliserad ventilation i ett nytt flerv\u00e5ningshus - Vallox","isPartOf":{"@id":"https:\/\/www.vallox.com\/sv\/#website"},"primaryImageOfPage":{"@id":"https:\/\/www.vallox.com\/sv\/decentraliserad-ventilation-i-ett-nytt-flervaningshus\/#primaryimage"},"image":{"@id":"https:\/\/www.vallox.com\/sv\/decentraliserad-ventilation-i-ett-nytt-flervaningshus\/#primaryimage"},"thumbnailUrl":"https:\/\/www.vallox.com\/app\/uploads\/2023\/11\/OutInVarioFeatured_720x480px.png","datePublished":"2024-02-05T07:44:00+00:00","dateModified":"2026-08-30T08:55:02+00:00","description":"Ventilationsaggregat som placeras i varje l\u00e4genhet \u00e4r fabrikstillverkade aggregat som \u00e4r klara att tas i drift och inkluderar automatik p\u00e5 \u00f6nskad niv\u00e5 samt anslutningar till den \u00f6vriga tekniken i huset.","breadcrumb":{"@id":"https:\/\/www.vallox.com\/sv\/decentraliserad-ventilation-i-ett-nytt-flervaningshus\/#breadcrumb"},"inLanguage":"sv-SE","potentialAction":[{"@type":"ReadAction","target":["https:\/\/www.vallox.com\/sv\/decentraliserad-ventilation-i-ett-nytt-flervaningshus\/"]}]},{"@type":"ImageObject","inLanguage":"sv-SE","@id":"https:\/\/www.vallox.com\/sv\/decentraliserad-ventilation-i-ett-nytt-flervaningshus\/#primaryimage","url":"https:\/\/www.vallox.com\/app\/uploads\/2023\/11\/OutInVarioFeatured_720x480px.png","contentUrl":"https:\/\/www.vallox.com\/app\/uploads\/2023\/11\/OutInVarioFeatured_720x480px.png","width":720,"height":480,"caption":"Out in Vario kerrostalon sein\u00e4ss\u00e4"},{"@type":"BreadcrumbList","@id":"https:\/\/www.vallox.com\/sv\/decentraliserad-ventilation-i-ett-nytt-flervaningshus\/#breadcrumb","itemListElement":[{"@type":"ListItem","position":1,"name":"Home","item":"https:\/\/www.vallox.com\/sv\/"},{"@type":"ListItem","position":2,"name":"Decentraliserad ventilation i ett nytt flerv\u00e5ningshus"}]},{"@type":"WebSite","@id":"https:\/\/www.vallox.com\/sv\/#website","url":"https:\/\/www.vallox.com\/sv\/","name":"Vallox","description":"","publisher":{"@id":"https:\/\/www.vallox.com\/sv\/#organization"},"potentialAction":[{"@type":"SearchAction","target":{"@type":"EntryPoint","urlTemplate":"https:\/\/www.vallox.com\/sv\/?s={search_term_string}"},"query-input":{"@type":"PropertyValueSpecification","valueRequired":true,"valueName":"search_term_string"}}],"inLanguage":"sv-SE"},{"@type":"Organization","@id":"https:\/\/www.vallox.com\/sv\/#organization","name":"Vallox Oy","alternateName":"Vallox","url":"https:\/\/www.vallox.com\/sv\/","logo":{"@type":"ImageObject","inLanguage":"sv-SE","@id":"https:\/\/www.vallox.com\/sv\/#\/schema\/logo\/image\/","url":"https:\/\/www.vallox.com\/app\/uploads\/2026\/02\/ValloxLogo-HomeSlogan_RGB_Main_500px.webp","contentUrl":"https:\/\/www.vallox.com\/app\/uploads\/2026\/02\/ValloxLogo-HomeSlogan_RGB_Main_500px.webp","width":500,"height":262,"caption":"Vallox Oy"},"image":{"@id":"https:\/\/www.vallox.com\/sv\/#\/schema\/logo\/image\/"},"sameAs":["https:\/\/www.facebook.com\/valloxoy","https:\/\/www.linkedin.com\/company\/vallox-oy\/","https:\/\/www.instagram.com\/valloxoy\/"]},{"@type":"Person","@id":"https:\/\/www.vallox.com\/sv\/#\/schema\/person\/f044541c8c8daf7c7be6749fb9ed43fb","name":"Viola Juuso","image":{"@type":"ImageObject","inLanguage":"sv-SE","@id":"https:\/\/secure.gravatar.com\/avatar\/66a06262981bfaee600d4fc405a92c846ae081d555b32e08ee7b8b43fe1fc3ba?s=96&d=mm&r=g","url":"https:\/\/secure.gravatar.com\/avatar\/66a06262981bfaee600d4fc405a92c846ae081d555b32e08ee7b8b43fe1fc3ba?s=96&d=mm&r=g","contentUrl":"https:\/\/secure.gravatar.com\/avatar\/66a06262981bfaee600d4fc405a92c846ae081d555b32e08ee7b8b43fe1fc3ba?s=96&d=mm&r=g","caption":"Viola Juuso"}}]}},"_links":{"self":[{"href":"https:\/\/www.vallox.com\/sv\/wp-json\/wp\/v2\/posts\/9483","targetHints":{"allow":["GET"]}}],"collection":[{"href":"https:\/\/www.vallox.com\/sv\/wp-json\/wp\/v2\/posts"}],"about":[{"href":"https:\/\/www.vallox.com\/sv\/wp-json\/wp\/v2\/types\/post"}],"author":[{"embeddable":true,"href":"https:\/\/www.vallox.com\/sv\/wp-json\/wp\/v2\/users\/5"}],"replies":[{"embeddable":true,"href":"https:\/\/www.vallox.com\/sv\/wp-json\/wp\/v2\/comments?post=9483"}],"version-history":[{"count":9,"href":"https:\/\/www.vallox.com\/sv\/wp-json\/wp\/v2\/posts\/9483\/revisions"}],"predecessor-version":[{"id":32117,"href":"https:\/\/www.vallox.com\/sv\/wp-json\/wp\/v2\/posts\/9483\/revisions\/32117"}],"wp:featuredmedia":[{"embeddable":true,"href":"https:\/\/www.vallox.com\/sv\/wp-json\/wp\/v2\/media\/19296"}],"wp:attachment":[{"href":"https:\/\/www.vallox.com\/sv\/wp-json\/wp\/v2\/media?parent=9483"}],"wp:term":[{"taxonomy":"category","embeddable":true,"href":"https:\/\/www.vallox.com\/sv\/wp-json\/wp\/v2\/categories?post=9483"},{"taxonomy":"post_tag","embeddable":true,"href":"https:\/\/www.vallox.com\/sv\/wp-json\/wp\/v2\/tags?post=9483"}],"curies":[{"name":"wp","href":"https:\/\/api.w.org\/{rel}","templated":true}]}}