{"id":9406,"date":"2014-05-03T12:12:00","date_gmt":"2014-05-03T09:12:00","guid":{"rendered":"https:\/\/vallox.com\/koulujen-sisailmaongelmiin-on-myos-helppoja-ratkaisuja\/"},"modified":"2023-09-11T14:06:16","modified_gmt":"2023-09-11T11:06:16","slug":"det-finns-ocksa-enkla-losningar-for-skolornas-inneluftsproblem","status":"publish","type":"post","link":"https:\/\/www.vallox.com\/sv\/det-finns-ocksa-enkla-losningar-for-skolornas-inneluftsproblem\/","title":{"rendered":"Det finns ocks\u00e5 enkla l\u00f6sningar f\u00f6r skolornas inneluftsproblem"},"content":{"rendered":"    <div id=\"\" class=\"Block Section overflow-hidden w-full\">\n        <div class=\"Section-content relative max-w-[1088px] mx-auto w-full\">\n            \n<div  class=\"Image w-full h-auto mb-8\">\n    <img decoding=\"async\"\n        srcset=\"\n            https:\/\/www.vallox.com\/app\/uploads\/2023\/07\/Artikkeli_Kouluilmanvaihto_Paakuva_1140x350px-1024x314.jpg 1024w,\n            https:\/\/www.vallox.com\/app\/uploads\/2023\/07\/Artikkeli_Kouluilmanvaihto_Paakuva_1140x350px-768x236.jpg 768w,\n            https:\/\/www.vallox.com\/app\/uploads\/2023\/07\/Artikkeli_Kouluilmanvaihto_Paakuva_1140x350px-300x92.jpg 300w,\n            https:\/\/www.vallox.com\/app\/uploads\/2023\/07\/Artikkeli_Kouluilmanvaihto_Paakuva_1140x350px-150x150.jpg 150w,\n        \"\n        alt=\"koululuokka\"\n        src=\"https:\/\/www.vallox.com\/app\/uploads\/2023\/07\/Artikkeli_Kouluilmanvaihto_Paakuva_1140x350px-300x92.jpg\"\n        class=\"object-cover w-full h-auto\"\n    \/>\n    <\/div>\n\n\n\n<p><strong>Klassrumsspecifik ventilation kan vara en kostnadseffektiv l\u00f6sning p\u00e5 problemen med inomhusluft i skolor.<\/strong><\/p>\n\n\n\n<p>Separata ventilationssystem f\u00f6r varje klass eller lokal \u00e4r ett f\u00f6rm\u00e5nligt och snabbt s\u00e4tt att f\u00f6rb\u00e4ttra inomhusluften i skolor och daghem. M\u00e4nniskor avger fukt, koldioxid och lukter som enkelt kan avl\u00e4gsnas genom att effektivera ventilationen. Ocks\u00e5 orenheter fr\u00e5n byggnadens strukturer kan v\u00e4dras ut med kontrollerad till- och fr\u00e5nluftsventilation som inte skapar undertryck i rummen.<\/p>\n\n\n\n<p>I ett decentraliserat ventilationssystem har varje klassrum eller lokalhelhet ett eget ventilationsaggregat. D\u00e5 kan effekten justeras i ett klassrum oavsett behovet av ventilation i de andra rummen. N\u00e4r klassrummet anv\u00e4nds \u00e4r ventilationen i drift efter det faktiska behovet. N\u00e4r klassrummet st\u00e5r tomt under h\u00e5ltimmar, veckoslut eller ferier kan ventilationen justeras s\u00e5 att den drivs p\u00e5 l\u00e4gre hastighet. Ventilationen f\u00e5r \u00e4nd\u00e5 aldrig st\u00e4ngas av helt f\u00f6r att orenheter fr\u00e5n strukturer och fukt som avgetts fr\u00e5n m\u00e4nniskor ska forts\u00e4tta att avl\u00e4gsnas ur luften.<\/p>\n\n\n\n<p>Koldioxidstyrning \u00e4r ett utm\u00e4rkt s\u00e4tt att automatiskt styra ventilationen efter behov i lokaler d\u00e4r antalet anv\u00e4ndare varierar. Koldioxidstyrningen uppt\u00e4cker n\u00e4r det finns m\u00e4nniskor i rummet och \u00f6kar ventilationen n\u00e4stan stegl\u00f6st. Om det bara finns n\u00e5gra personer i klassrummet upplevs ventilationen allts\u00e5 inte som alltf\u00f6r effektiv, men vid behov r\u00e4cker effekten ocks\u00e5 f\u00f6r en st\u00f6rre grupp.<\/p>\n\n\n\n<p>I anslutning till idrottslokaler i skolor eller tv\u00e4ttrum i daghem \u00e4r fuktstyrning ett bra s\u00e4tt att justera ventilationseffekten. Medan man duschar eller har kl\u00e4der h\u00e4ngande p\u00e5 tork kan fuktstyrningen h\u00f6ja ventilationseffekten automatiskt tills lokalerna och strukturerna \u00e4r torra igen. Vallox fuktstyrning \u00e4r sj\u00e4lvl\u00e4rande och anpassar sig automatiskt exempelvis till de variationer i fuktigheten som \u00e5rstidsv\u00e4xlingar ger upphov till, och de inst\u00e4llda ventilationsv\u00e4rdena beh\u00f6ver inte justeras.<\/p>\n\n\n\n<p>I lokaler med aktivitet som leder till orenheter (bl.a. klassrum f\u00f6r konst\u00e4mnen och fris\u00f6rsutbildning) kan styrningen g\u00e4rna ske med VOC-givare som reagerar p\u00e5 l\u00e4ttflyktiga organiska f\u00f6reningar s\u00e5som l\u00f6sningsmedels\u00e5ngor, reng\u00f6ringsmedel och materialutsl\u00e4pp.<\/p>\n\n\n\n<p>Vallox fukt-, koldioxid- och VOC-givare \u00e4r underh\u00e5llsfria och kr\u00e4ver ingen kalibrering.<\/p>\n\n\n\n<p>Den behovsstyrda ventilationsstyrningen \u00e4r i drift ocks\u00e5 n\u00e4r lokalerna anv\u00e4nds utanf\u00f6r den egentliga anv\u00e4ndningstiden, exempelvis under kv\u00e4llar eller n\u00e4r anv\u00e4ndnings\u00e4ndam\u00e5let f\u00f6r lokalerna \u00e4ndras. Ingen beh\u00f6ver justera inst\u00e4llningarna utan automatsystemet observerar gruppens storlek och aktivitet, och effektiverar ventilationen stegvis efter behov, vilket betyder att inomhusluften \u00e4r fr\u00e4sch ocks\u00e5 i slutet av lektionen. N\u00e4r lokalerna t\u00f6ms minskas ventilationen automatiskt och energi sparas.<\/p>\n\n\n\n<p><\/p>\n\n\n<div  class=\"Image w-full h-auto mb-8\">\n    <img decoding=\"async\"\n        srcset=\"\n            https:\/\/www.vallox.com\/app\/uploads\/2023\/07\/Artikkeli_Kouluilmanvaihto_kaavio_940x628px.jpg 1024w,\n            https:\/\/www.vallox.com\/app\/uploads\/2023\/07\/Artikkeli_Kouluilmanvaihto_kaavio_940x628px-768x513.jpg 768w,\n            https:\/\/www.vallox.com\/app\/uploads\/2023\/07\/Artikkeli_Kouluilmanvaihto_kaavio_940x628px-300x200.jpg 300w,\n            https:\/\/www.vallox.com\/app\/uploads\/2023\/07\/Artikkeli_Kouluilmanvaihto_kaavio_940x628px-150x150.jpg 150w,\n        \"\n        alt=\"Kaavio\"\n        src=\"https:\/\/www.vallox.com\/app\/uploads\/2023\/07\/Artikkeli_Kouluilmanvaihto_kaavio_940x628px-300x200.jpg\"\n        class=\"object-cover w-full h-auto\"\n    \/>\n            <div class=\"ImageTexts\">\n            \n                            <div class=\"Description\">\n                    Den behovsstyrda ventilationsstyrningen sparar energi.\n                <\/div>\n                    <\/div>\n    <\/div>\n\n\n\n<h2 class=\"wp-block-heading\">F\u00f6rm\u00e5nligt att genomf\u00f6ra<\/h2>\n\n\n\n<p>Ett ventilationsaggregat kan installeras i ett ljudisolerat utrymme i klassrummet eller i korridoren. Ventilationskanalerna i klassrummet \u00e4r mycket korta, och det enda som f\u00f6rblir synligt \u00e4r kanalerna eller deras kapslar och terminalerna. Inga maskinrum beh\u00f6vs p\u00e5 skolans tak, och inga kanaler eller ledningar dras dit. En eldsv\u00e5da kan inte sprida sig fr\u00e5n ett klassrum eller en v\u00e5ning till n\u00e4sta via ett brands\u00e4kert decentraliserat ventilationssystem.<\/p>\n\n\n\n<p>Decentraliserad ventilation kan ocks\u00e5 installeras i ett klassrum eller p\u00e5 en v\u00e5ning i taget, och hela skolan beh\u00f6ver inte st\u00e4ngas f\u00f6r renovering. Decentraliserad ventilation \u00e4r dessutom en utm\u00e4rkt l\u00f6sning om en lokals anv\u00e4ndnings\u00e4ndam\u00e5l \u00e4ndras, liksom \u00e4ven f\u00f6r ventilation av tillbyggnader och tillf\u00e4lliga skollokaler. Installering av ett enskilt ventilationsaggregat inverkar inte p\u00e5 byggnadens andra ventilationsaggregat eller anv\u00e4ndningen av dem.<\/p>\n\n\n\n<p>Lokalspecifik ventilation \u00e4r en drifts\u00e4ker och f\u00f6rm\u00e5nlig l\u00f6sning. Eftersom det inte beh\u00f6vs maskinrum eller stora kanalsystem, blir ocks\u00e5 det byggnadstekniska arbetet och kostnaderna sm\u00e5. Om avluften kan bl\u00e5sas ut genom v\u00e4ggen i klassrummet, beh\u00f6ver man inte alls bygga utrymmeskr\u00e4vande kanalledningar mellan v\u00e5ningarna.<\/p>\n\n\n\n<p>Anordningarna drar bara lite el och kr\u00e4ver vanligtvis inte \u00e4ndringar p\u00e5 de befintliga elektriska ledningarna. Vattenelement f\u00f6r uppv\u00e4rmning av tilluften beh\u00f6vs inte f\u00f6r ventilationsaggregat med h\u00f6g verkningsgrad. D\u00e4rf\u00f6r beh\u00f6vs inte heller kopplingar till uppv\u00e4rmningssystemet. Kondensvattnet m\u00e5ste ledas bort eftersom den h\u00f6ga verkningsgraden i v\u00e4rme\u00e5tervinningen kondenserar stora m\u00e4ngder vatten till och med ur torr fr\u00e5nluft fr\u00e5n ett klassrum.<\/p>\n\n\n\n<p>Det \u00e4r enkelt att planera decentraliserad ventilation eftersom man ofta kan installera liknande ventilation i alla klassrum genom att \u201ckopiera\u201d l\u00f6sningen. Det finns \u00e4ven olika stora aggregat f\u00f6r lokaler av olika storlek. Det g\u00e5r ocks\u00e5 enkelt och snabbt att ta i bruk det enkla systemet och att justera luftfl\u00f6det.<\/p>\n\n\n\n<p><\/p>\n\n\n<div  class=\"Image w-full h-auto mb-8\">\n    <img decoding=\"async\"\n        srcset=\"\n            https:\/\/www.vallox.com\/app\/uploads\/2023\/07\/Artikkeli_Kouluilmanvaihto_tekniikkakomero_940x628px.jpg 1024w,\n            https:\/\/www.vallox.com\/app\/uploads\/2023\/07\/Artikkeli_Kouluilmanvaihto_tekniikkakomero_940x628px-768x513.jpg 768w,\n            https:\/\/www.vallox.com\/app\/uploads\/2023\/07\/Artikkeli_Kouluilmanvaihto_tekniikkakomero_940x628px-300x200.jpg 300w,\n            https:\/\/www.vallox.com\/app\/uploads\/2023\/07\/Artikkeli_Kouluilmanvaihto_tekniikkakomero_940x628px-150x150.jpg 150w,\n        \"\n        alt=\"Tekniikkakomero luokkahuoneessa.\"\n        src=\"https:\/\/www.vallox.com\/app\/uploads\/2023\/07\/Artikkeli_Kouluilmanvaihto_tekniikkakomero_940x628px-300x200.jpg\"\n        class=\"object-cover w-full h-auto\"\n    \/>\n            <div class=\"ImageTexts\">\n            \n                            <div class=\"Description\">\n                    I ett decentraliserat ventilationssystem har varje klassrum eller lokalhelhet ett eget ventilationsaggregat. \n                <\/div>\n                    <\/div>\n    <\/div>\n\n\n\n<h2 class=\"wp-block-heading\">F\u00f6rm\u00e5nlig och enkel att anv\u00e4nda<\/h2>\n\n\n\n<p>Utrymmesspecifik ventilation ger energibesparingar. Alla lokaler anv\u00e4nds s\u00e4llan samtidigt. D\u00e5 \u00e4r det on\u00f6digt sl\u00f6seri att hela tiden l\u00e5ta ventilationen g\u00e5 p\u00e5 full effekt i hela skolbyggnaden. En del av klassrummen kanske anv\u00e4nds sent p\u00e5 kv\u00e4llen, tidigt p\u00e5 morgonen eller till och med under helger och ledigheter. En centraliserad, tidsinst\u00e4lld ventilation fyller d\u00e5 inte sin funktion f\u00f6r anv\u00e4ndarna. Ett behovsstyrt, decentraliserat ventilationssystem \u00f6kar ventilationen enbart i de lokaler och vid de tidpunkter n\u00e4r det beh\u00f6vs.<\/p>\n\n\n\n<p>De energieffektiva likstr\u00f6msfl\u00e4ktarna i Vallox ventilationsaggregat f\u00f6rbrukar bara lite elektricitet och tack vare de korta kanalerna beh\u00f6vs inte en stor fl\u00e4kteffekt. N\u00e4r ett klassrum blir tomt och ventilationen s\u00e4nks, minskar ocks\u00e5 fl\u00e4ktarnas elf\u00f6rbrukning.<\/p>\n\n\n\n<p>Den effektiva v\u00e4rmev\u00e4xlingen v\u00e4rmer upp tilluften med v\u00e4rmeenergi ur fr\u00e5nluften. De moderna Vallox-aggregaten har h\u00f6g verkningsgrad och kan v\u00e4rma upp tilluften under n\u00e4stan hela \u00e5ret till \u00f6ver +17 \u00b0C med bara den gratisenergi som f\u00e5s ur fr\u00e5nluften. Det beh\u00f6vs knappt n\u00e5gon extra uppv\u00e4rmning av tilluften och uppv\u00e4rmningssystemet i byggnaden beh\u00f6ver inte \u00e4ndras.<\/p>\n\n\n\n<p><\/p>\n\n\n\n<h2 class=\"wp-block-heading\">Resultatet \u00e4r ett gott inomhusklimat<\/h2>\n\n\n\n<p>K\u00e4nnetecknande f\u00f6r en bra ventilation \u00e4r att den inte m\u00e4rks. Ett viktigt element i ett bra inomhusklimat \u00e4r att det inte \u00e4r dragigt. Ett ventilationsaggregat med v\u00e4rmev\u00e4xlare g\u00f6r tilluften behagligt varm under vintern. Med uppv\u00e4rmd tilluft och korrekt luftf\u00f6rdelning undviker man k\u00e4nslan av drag. N\u00e4r v\u00e4dret \u00e4r varmt tas svalare utomhusluft in med funktionen f\u00f6r automatisk bypass av v\u00e4rmev\u00e4xlaren. Ett ventilationssystem med automatik \u00e4r alltid inst\u00e4llt p\u00e5 en l\u00e4mplig niv\u00e5, och inte heller sm\u00e5 grupper upplever att ventilationen \u00e4r f\u00f6r effektiv eller skapar drag.<\/p>\n\n\n\n<p>Alla Vallox ventilationsaggregat har EN 779 (F7)\/ISO 16890 (ISO ePM1 50 %)-standardiserade originalfilter som effektivt filtrerar bland annat pollen och sot fr\u00e5n utomhusluften. Orenheter, damm och fukt som avges fr\u00e5n m\u00e4nniskor och byggnadsstrukturer ventileras ut. Alla Vallox ventilationsaggregat har en plattv\u00e4rmev\u00e4xlare som inte h\u00e4mtar fukt eller lukter tillbaka in med tilluften. Orenheter kan inte heller spridas fr\u00e5n ett utrymme till ett annat med ventilationen eftersom varje lokal har sitt eget ventilationssystem.<\/p>\n\n\n\n<p>En f\u00f6ruts\u00e4ttning f\u00f6r tyst ventilation \u00e4r ett korrekt dimensionerat aggregat och kanalsystem, tillr\u00e4cklig ljudd\u00e4mpning och vid behov ljudd\u00e4mpning i klassrummet av aggregatet och kanalernas genomf\u00f6ringar. Om det bara finns n\u00e5gra f\u00e5 elever i klassrummet g\u00e5r ventilationen p\u00e5 l\u00e4gre hastighet och \u00e4r n\u00e4stan ljudl\u00f6s. N\u00e4r klassrummet \u00e4r fullt d\u00e4mpas ljudet av den absorberande yta som m\u00e4nniskorna i rummet bildar, och inte heller d\u00e5 st\u00f6r ljudet fr\u00e5n en korrekt utf\u00f6rd ventilation.<\/p>\n\n\n\n<p><\/p>\n\n\n\n<h2 class=\"wp-block-heading\">Avancerad automatik<\/h2>\n\n\n\n<p>Alla Vallox MV-modeller kan styras automatiskt med fukt-, koldioxid- och VOC-givare. Den n\u00e4stan stegl\u00f6sa justeringen s\u00e4kerst\u00e4ller att det finns en l\u00e4mplig och diskret ventilationsniv\u00e5 f\u00f6r alla l\u00e4gen.<\/p>\n\n\n\n<p>Vallox MV-modeller kan anslutas till en Modbus-koppling utan s\u00e4rskild adapter. MV-modellerna kan ocks\u00e5 via LAN-n\u00e4tet styras via en dator, en mobil enhet eller internet. Aggregatet kan ocks\u00e5 registreras i den avgiftsfria <a href=\"https:\/\/cloud.vallox.com\/\" target=\"_blank\" rel=\"noreferrer noopener\">MyVallox Cloud-molntj\u00e4nsten<\/a>. Fl\u00e4kthastigheten kan \u00e4ven styras med en analog (0\u201310 VDC) eller digital ing\u00e5ng (0\/24 V), och via felrel\u00e4et f\u00e5s vid behov meddelanden till byggnadsautomationen. I alla MV-modeller ing\u00e5r som standard veckoursstyrning, sommar-\/vinterautomatik, automatisk nattkylning, forceringsbrytare samt servicetimer.<\/p>\n\n\n\n<p><\/p>\n\n\n<div  class=\"Image w-full h-auto mb-8\">\n    <img decoding=\"async\"\n        srcset=\"\n            https:\/\/www.vallox.com\/app\/uploads\/2023\/07\/Artikkeli_Kouluilmanvaihto_Anturi_940x628px.jpg 1024w,\n            https:\/\/www.vallox.com\/app\/uploads\/2023\/07\/Artikkeli_Kouluilmanvaihto_Anturi_940x628px-768x513.jpg 768w,\n            https:\/\/www.vallox.com\/app\/uploads\/2023\/07\/Artikkeli_Kouluilmanvaihto_Anturi_940x628px-300x200.jpg 300w,\n            https:\/\/www.vallox.com\/app\/uploads\/2023\/07\/Artikkeli_Kouluilmanvaihto_Anturi_940x628px-150x150.jpg 150w,\n        \"\n        alt=\"Ilmanvaihtoanturi luokkahuoneessa.\"\n        src=\"https:\/\/www.vallox.com\/app\/uploads\/2023\/07\/Artikkeli_Kouluilmanvaihto_Anturi_940x628px-300x200.jpg\"\n        class=\"object-cover w-full h-auto\"\n    \/>\n            <div class=\"ImageTexts\">\n            \n                            <div class=\"Description\">\n                    Koldioxidstyrning \u00e4r ett utm\u00e4rkt s\u00e4tt att automatiskt styra ventilationen efter behov i lokaler d\u00e4r antalet anv\u00e4ndare varierar.\n                <\/div>\n                    <\/div>\n    <\/div>\n\n\n    <\/div>\n<\/div>\n","protected":false},"excerpt":{"rendered":"","protected":false},"author":5,"featured_media":4952,"comment_status":"open","ping_status":"open","sticky":false,"template":"","format":"standard","meta":{"_acf_changed":false,"footnotes":""},"categories":[238],"tags":[256],"class_list":["post-9406","post","type-post","status-publish","format-standard","has-post-thumbnail","hentry","category-artikkelit-sv","tag-ammattilaisille-sv"],"acf":[],"yoast_head":"<!-- This site is optimized with the Yoast SEO plugin v26.9 - https:\/\/yoast.com\/product\/yoast-seo-wordpress\/ -->\n<title>Det finns ocks\u00e5 enkla l\u00f6sningar f\u00f6r skolornas inneluftsproblem - Vallox<\/title>\n<meta name=\"description\" content=\"Klassrumsspecifik ventilation kan vara en kostnadseffektiv l\u00f6sning p\u00e5 problemen med inomhusluft i skolor.\" \/>\n<meta name=\"robots\" content=\"index, follow, max-snippet:-1, max-image-preview:large, max-video-preview:-1\" \/>\n<link rel=\"canonical\" href=\"https:\/\/www.vallox.com\/sv\/det-finns-ocksa-enkla-losningar-for-skolornas-inneluftsproblem\/\" \/>\n<meta property=\"og:locale\" content=\"sv_SE\" \/>\n<meta property=\"og:type\" content=\"article\" \/>\n<meta property=\"og:title\" content=\"Det finns ocks\u00e5 enkla l\u00f6sningar f\u00f6r skolornas inneluftsproblem - Vallox\" \/>\n<meta property=\"og:description\" content=\"Klassrumsspecifik ventilation kan vara en kostnadseffektiv l\u00f6sning p\u00e5 problemen med inomhusluft i skolor.\" \/>\n<meta property=\"og:url\" content=\"https:\/\/www.vallox.com\/sv\/det-finns-ocksa-enkla-losningar-for-skolornas-inneluftsproblem\/\" \/>\n<meta property=\"og:site_name\" content=\"Vallox\" \/>\n<meta property=\"article:published_time\" content=\"2014-05-03T09:12:00+00:00\" \/>\n<meta property=\"article:modified_time\" content=\"2023-09-11T11:06:16+00:00\" \/>\n<meta property=\"og:image\" content=\"https:\/\/www.vallox.com\/app\/uploads\/2023\/07\/Artikkeli_Kouluilmanvaihto_Paakuva_1140x350px.jpg\" \/>\n\t<meta property=\"og:image:width\" content=\"1140\" \/>\n\t<meta property=\"og:image:height\" content=\"350\" \/>\n\t<meta property=\"og:image:type\" content=\"image\/jpeg\" \/>\n<meta name=\"author\" content=\"Viola Juuso\" \/>\n<meta name=\"twitter:card\" content=\"summary_large_image\" \/>\n<meta name=\"twitter:label1\" content=\"Written by\" \/>\n\t<meta name=\"twitter:data1\" content=\"Viola Juuso\" \/>\n\t<meta name=\"twitter:label2\" content=\"Est. reading time\" \/>\n\t<meta name=\"twitter:data2\" content=\"8 minutes\" \/>\n<script type=\"application\/ld+json\" class=\"yoast-schema-graph\">{\"@context\":\"https:\/\/schema.org\",\"@graph\":[{\"@type\":\"Article\",\"@id\":\"https:\/\/www.vallox.com\/sv\/det-finns-ocksa-enkla-losningar-for-skolornas-inneluftsproblem\/#article\",\"isPartOf\":{\"@id\":\"https:\/\/www.vallox.com\/sv\/det-finns-ocksa-enkla-losningar-for-skolornas-inneluftsproblem\/\"},\"author\":{\"name\":\"Viola Juuso\",\"@id\":\"https:\/\/www.vallox.com\/sv\/#\/schema\/person\/f044541c8c8daf7c7be6749fb9ed43fb\"},\"headline\":\"Det finns ocks\u00e5 enkla l\u00f6sningar f\u00f6r skolornas inneluftsproblem\",\"datePublished\":\"2014-05-03T09:12:00+00:00\",\"dateModified\":\"2023-09-11T11:06:16+00:00\",\"mainEntityOfPage\":{\"@id\":\"https:\/\/www.vallox.com\/sv\/det-finns-ocksa-enkla-losningar-for-skolornas-inneluftsproblem\/\"},\"wordCount\":1368,\"commentCount\":0,\"image\":{\"@id\":\"https:\/\/www.vallox.com\/sv\/det-finns-ocksa-enkla-losningar-for-skolornas-inneluftsproblem\/#primaryimage\"},\"thumbnailUrl\":\"https:\/\/www.vallox.com\/app\/uploads\/2023\/07\/Artikkeli_Kouluilmanvaihto_Paakuva_1140x350px.jpg\",\"keywords\":[\"ammattilaisille\"],\"articleSection\":[\"Artiklar\"],\"inLanguage\":\"sv-SE\",\"potentialAction\":[{\"@type\":\"CommentAction\",\"name\":\"Comment\",\"target\":[\"https:\/\/www.vallox.com\/sv\/det-finns-ocksa-enkla-losningar-for-skolornas-inneluftsproblem\/#respond\"]}]},{\"@type\":\"WebPage\",\"@id\":\"https:\/\/www.vallox.com\/sv\/det-finns-ocksa-enkla-losningar-for-skolornas-inneluftsproblem\/\",\"url\":\"https:\/\/www.vallox.com\/sv\/det-finns-ocksa-enkla-losningar-for-skolornas-inneluftsproblem\/\",\"name\":\"Det finns ocks\u00e5 enkla l\u00f6sningar f\u00f6r skolornas inneluftsproblem - Vallox\",\"isPartOf\":{\"@id\":\"https:\/\/www.vallox.com\/sv\/#website\"},\"primaryImageOfPage\":{\"@id\":\"https:\/\/www.vallox.com\/sv\/det-finns-ocksa-enkla-losningar-for-skolornas-inneluftsproblem\/#primaryimage\"},\"image\":{\"@id\":\"https:\/\/www.vallox.com\/sv\/det-finns-ocksa-enkla-losningar-for-skolornas-inneluftsproblem\/#primaryimage\"},\"thumbnailUrl\":\"https:\/\/www.vallox.com\/app\/uploads\/2023\/07\/Artikkeli_Kouluilmanvaihto_Paakuva_1140x350px.jpg\",\"datePublished\":\"2014-05-03T09:12:00+00:00\",\"dateModified\":\"2023-09-11T11:06:16+00:00\",\"author\":{\"@id\":\"https:\/\/www.vallox.com\/sv\/#\/schema\/person\/f044541c8c8daf7c7be6749fb9ed43fb\"},\"description\":\"Klassrumsspecifik ventilation kan vara en kostnadseffektiv l\u00f6sning p\u00e5 problemen med inomhusluft i skolor.\",\"breadcrumb\":{\"@id\":\"https:\/\/www.vallox.com\/sv\/det-finns-ocksa-enkla-losningar-for-skolornas-inneluftsproblem\/#breadcrumb\"},\"inLanguage\":\"sv-SE\",\"potentialAction\":[{\"@type\":\"ReadAction\",\"target\":[\"https:\/\/www.vallox.com\/sv\/det-finns-ocksa-enkla-losningar-for-skolornas-inneluftsproblem\/\"]}]},{\"@type\":\"ImageObject\",\"inLanguage\":\"sv-SE\",\"@id\":\"https:\/\/www.vallox.com\/sv\/det-finns-ocksa-enkla-losningar-for-skolornas-inneluftsproblem\/#primaryimage\",\"url\":\"https:\/\/www.vallox.com\/app\/uploads\/2023\/07\/Artikkeli_Kouluilmanvaihto_Paakuva_1140x350px.jpg\",\"contentUrl\":\"https:\/\/www.vallox.com\/app\/uploads\/2023\/07\/Artikkeli_Kouluilmanvaihto_Paakuva_1140x350px.jpg\",\"width\":1140,\"height\":350,\"caption\":\"Tyhj\u00e4 luokkahuone\"},{\"@type\":\"BreadcrumbList\",\"@id\":\"https:\/\/www.vallox.com\/sv\/det-finns-ocksa-enkla-losningar-for-skolornas-inneluftsproblem\/#breadcrumb\",\"itemListElement\":[{\"@type\":\"ListItem\",\"position\":1,\"name\":\"Home\",\"item\":\"https:\/\/www.vallox.com\/sv\/\"},{\"@type\":\"ListItem\",\"position\":2,\"name\":\"Det finns ocks\u00e5 enkla l\u00f6sningar f\u00f6r skolornas inneluftsproblem\"}]},{\"@type\":\"WebSite\",\"@id\":\"https:\/\/www.vallox.com\/sv\/#website\",\"url\":\"https:\/\/www.vallox.com\/sv\/\",\"name\":\"Vallox\",\"description\":\"\",\"potentialAction\":[{\"@type\":\"SearchAction\",\"target\":{\"@type\":\"EntryPoint\",\"urlTemplate\":\"https:\/\/www.vallox.com\/sv\/?s={search_term_string}\"},\"query-input\":{\"@type\":\"PropertyValueSpecification\",\"valueRequired\":true,\"valueName\":\"search_term_string\"}}],\"inLanguage\":\"sv-SE\"},{\"@type\":\"Person\",\"@id\":\"https:\/\/www.vallox.com\/sv\/#\/schema\/person\/f044541c8c8daf7c7be6749fb9ed43fb\",\"name\":\"Viola Juuso\",\"image\":{\"@type\":\"ImageObject\",\"inLanguage\":\"sv-SE\",\"@id\":\"https:\/\/www.vallox.com\/sv\/#\/schema\/person\/image\/\",\"url\":\"https:\/\/secure.gravatar.com\/avatar\/66a06262981bfaee600d4fc405a92c846ae081d555b32e08ee7b8b43fe1fc3ba?s=96&d=mm&r=g\",\"contentUrl\":\"https:\/\/secure.gravatar.com\/avatar\/66a06262981bfaee600d4fc405a92c846ae081d555b32e08ee7b8b43fe1fc3ba?s=96&d=mm&r=g\",\"caption\":\"Viola Juuso\"}}]}<\/script>\n<!-- \/ Yoast SEO plugin. -->","yoast_head_json":{"title":"Det finns ocks\u00e5 enkla l\u00f6sningar f\u00f6r skolornas inneluftsproblem - Vallox","description":"Klassrumsspecifik ventilation kan vara en kostnadseffektiv l\u00f6sning p\u00e5 problemen med inomhusluft i skolor.","robots":{"index":"index","follow":"follow","max-snippet":"max-snippet:-1","max-image-preview":"max-image-preview:large","max-video-preview":"max-video-preview:-1"},"canonical":"https:\/\/www.vallox.com\/sv\/det-finns-ocksa-enkla-losningar-for-skolornas-inneluftsproblem\/","og_locale":"sv_SE","og_type":"article","og_title":"Det finns ocks\u00e5 enkla l\u00f6sningar f\u00f6r skolornas inneluftsproblem - Vallox","og_description":"Klassrumsspecifik ventilation kan vara en kostnadseffektiv l\u00f6sning p\u00e5 problemen med inomhusluft i skolor.","og_url":"https:\/\/www.vallox.com\/sv\/det-finns-ocksa-enkla-losningar-for-skolornas-inneluftsproblem\/","og_site_name":"Vallox","article_published_time":"2014-05-03T09:12:00+00:00","article_modified_time":"2023-09-11T11:06:16+00:00","og_image":[{"width":1140,"height":350,"url":"https:\/\/www.vallox.com\/app\/uploads\/2023\/07\/Artikkeli_Kouluilmanvaihto_Paakuva_1140x350px.jpg","type":"image\/jpeg"}],"author":"Viola Juuso","twitter_card":"summary_large_image","twitter_misc":{"Written by":"Viola Juuso","Est. reading time":"8 minutes"},"schema":{"@context":"https:\/\/schema.org","@graph":[{"@type":"Article","@id":"https:\/\/www.vallox.com\/sv\/det-finns-ocksa-enkla-losningar-for-skolornas-inneluftsproblem\/#article","isPartOf":{"@id":"https:\/\/www.vallox.com\/sv\/det-finns-ocksa-enkla-losningar-for-skolornas-inneluftsproblem\/"},"author":{"name":"Viola Juuso","@id":"https:\/\/www.vallox.com\/sv\/#\/schema\/person\/f044541c8c8daf7c7be6749fb9ed43fb"},"headline":"Det finns ocks\u00e5 enkla l\u00f6sningar f\u00f6r skolornas inneluftsproblem","datePublished":"2014-05-03T09:12:00+00:00","dateModified":"2023-09-11T11:06:16+00:00","mainEntityOfPage":{"@id":"https:\/\/www.vallox.com\/sv\/det-finns-ocksa-enkla-losningar-for-skolornas-inneluftsproblem\/"},"wordCount":1368,"commentCount":0,"image":{"@id":"https:\/\/www.vallox.com\/sv\/det-finns-ocksa-enkla-losningar-for-skolornas-inneluftsproblem\/#primaryimage"},"thumbnailUrl":"https:\/\/www.vallox.com\/app\/uploads\/2023\/07\/Artikkeli_Kouluilmanvaihto_Paakuva_1140x350px.jpg","keywords":["ammattilaisille"],"articleSection":["Artiklar"],"inLanguage":"sv-SE","potentialAction":[{"@type":"CommentAction","name":"Comment","target":["https:\/\/www.vallox.com\/sv\/det-finns-ocksa-enkla-losningar-for-skolornas-inneluftsproblem\/#respond"]}]},{"@type":"WebPage","@id":"https:\/\/www.vallox.com\/sv\/det-finns-ocksa-enkla-losningar-for-skolornas-inneluftsproblem\/","url":"https:\/\/www.vallox.com\/sv\/det-finns-ocksa-enkla-losningar-for-skolornas-inneluftsproblem\/","name":"Det finns ocks\u00e5 enkla l\u00f6sningar f\u00f6r skolornas inneluftsproblem - Vallox","isPartOf":{"@id":"https:\/\/www.vallox.com\/sv\/#website"},"primaryImageOfPage":{"@id":"https:\/\/www.vallox.com\/sv\/det-finns-ocksa-enkla-losningar-for-skolornas-inneluftsproblem\/#primaryimage"},"image":{"@id":"https:\/\/www.vallox.com\/sv\/det-finns-ocksa-enkla-losningar-for-skolornas-inneluftsproblem\/#primaryimage"},"thumbnailUrl":"https:\/\/www.vallox.com\/app\/uploads\/2023\/07\/Artikkeli_Kouluilmanvaihto_Paakuva_1140x350px.jpg","datePublished":"2014-05-03T09:12:00+00:00","dateModified":"2023-09-11T11:06:16+00:00","author":{"@id":"https:\/\/www.vallox.com\/sv\/#\/schema\/person\/f044541c8c8daf7c7be6749fb9ed43fb"},"description":"Klassrumsspecifik ventilation kan vara en kostnadseffektiv l\u00f6sning p\u00e5 problemen med inomhusluft i skolor.","breadcrumb":{"@id":"https:\/\/www.vallox.com\/sv\/det-finns-ocksa-enkla-losningar-for-skolornas-inneluftsproblem\/#breadcrumb"},"inLanguage":"sv-SE","potentialAction":[{"@type":"ReadAction","target":["https:\/\/www.vallox.com\/sv\/det-finns-ocksa-enkla-losningar-for-skolornas-inneluftsproblem\/"]}]},{"@type":"ImageObject","inLanguage":"sv-SE","@id":"https:\/\/www.vallox.com\/sv\/det-finns-ocksa-enkla-losningar-for-skolornas-inneluftsproblem\/#primaryimage","url":"https:\/\/www.vallox.com\/app\/uploads\/2023\/07\/Artikkeli_Kouluilmanvaihto_Paakuva_1140x350px.jpg","contentUrl":"https:\/\/www.vallox.com\/app\/uploads\/2023\/07\/Artikkeli_Kouluilmanvaihto_Paakuva_1140x350px.jpg","width":1140,"height":350,"caption":"Tyhj\u00e4 luokkahuone"},{"@type":"BreadcrumbList","@id":"https:\/\/www.vallox.com\/sv\/det-finns-ocksa-enkla-losningar-for-skolornas-inneluftsproblem\/#breadcrumb","itemListElement":[{"@type":"ListItem","position":1,"name":"Home","item":"https:\/\/www.vallox.com\/sv\/"},{"@type":"ListItem","position":2,"name":"Det finns ocks\u00e5 enkla l\u00f6sningar f\u00f6r skolornas inneluftsproblem"}]},{"@type":"WebSite","@id":"https:\/\/www.vallox.com\/sv\/#website","url":"https:\/\/www.vallox.com\/sv\/","name":"Vallox","description":"","potentialAction":[{"@type":"SearchAction","target":{"@type":"EntryPoint","urlTemplate":"https:\/\/www.vallox.com\/sv\/?s={search_term_string}"},"query-input":{"@type":"PropertyValueSpecification","valueRequired":true,"valueName":"search_term_string"}}],"inLanguage":"sv-SE"},{"@type":"Person","@id":"https:\/\/www.vallox.com\/sv\/#\/schema\/person\/f044541c8c8daf7c7be6749fb9ed43fb","name":"Viola Juuso","image":{"@type":"ImageObject","inLanguage":"sv-SE","@id":"https:\/\/www.vallox.com\/sv\/#\/schema\/person\/image\/","url":"https:\/\/secure.gravatar.com\/avatar\/66a06262981bfaee600d4fc405a92c846ae081d555b32e08ee7b8b43fe1fc3ba?s=96&d=mm&r=g","contentUrl":"https:\/\/secure.gravatar.com\/avatar\/66a06262981bfaee600d4fc405a92c846ae081d555b32e08ee7b8b43fe1fc3ba?s=96&d=mm&r=g","caption":"Viola Juuso"}}]}},"_links":{"self":[{"href":"https:\/\/www.vallox.com\/sv\/wp-json\/wp\/v2\/posts\/9406","targetHints":{"allow":["GET"]}}],"collection":[{"href":"https:\/\/www.vallox.com\/sv\/wp-json\/wp\/v2\/posts"}],"about":[{"href":"https:\/\/www.vallox.com\/sv\/wp-json\/wp\/v2\/types\/post"}],"author":[{"embeddable":true,"href":"https:\/\/www.vallox.com\/sv\/wp-json\/wp\/v2\/users\/5"}],"replies":[{"embeddable":true,"href":"https:\/\/www.vallox.com\/sv\/wp-json\/wp\/v2\/comments?post=9406"}],"version-history":[{"count":6,"href":"https:\/\/www.vallox.com\/sv\/wp-json\/wp\/v2\/posts\/9406\/revisions"}],"predecessor-version":[{"id":16974,"href":"https:\/\/www.vallox.com\/sv\/wp-json\/wp\/v2\/posts\/9406\/revisions\/16974"}],"wp:featuredmedia":[{"embeddable":true,"href":"https:\/\/www.vallox.com\/sv\/wp-json\/wp\/v2\/media\/4952"}],"wp:attachment":[{"href":"https:\/\/www.vallox.com\/sv\/wp-json\/wp\/v2\/media?parent=9406"}],"wp:term":[{"taxonomy":"category","embeddable":true,"href":"https:\/\/www.vallox.com\/sv\/wp-json\/wp\/v2\/categories?post=9406"},{"taxonomy":"post_tag","embeddable":true,"href":"https:\/\/www.vallox.com\/sv\/wp-json\/wp\/v2\/tags?post=9406"}],"curies":[{"name":"wp","href":"https:\/\/api.w.org\/{rel}","templated":true}]}}