{"id":3835,"date":"2015-08-28T10:41:00","date_gmt":"2015-08-28T07:41:00","guid":{"rendered":"https:\/\/vallox.com\/miksi-hyva-sisailma-ja-laadukas-ilmanvaihto-on-tarkeaa\/"},"modified":"2026-08-21T16:07:35","modified_gmt":"2026-08-21T13:07:35","slug":"varfor-ar-det-sa-viktigt-med-hogklassig-ventilation","status":"publish","type":"post","link":"https:\/\/www.vallox.com\/sv\/varfor-ar-det-sa-viktigt-med-hogklassig-ventilation\/","title":{"rendered":"Varf\u00f6r \u00e4r det s\u00e5 viktigt med h\u00f6gklassig ventilation?"},"content":{"rendered":"\n<p class=\"wp-block-paragraph\">Senast uppdeterad 21. augusti 2026<\/p>\n\n\n\n<div style=\"height:58px\" aria-hidden=\"true\" class=\"wp-block-spacer\"><\/div>\n\n\n<div  class=\"Image w-full h-auto mb-8\">\n    <img decoding=\"async\"\n        srcset=\"\n            https:\/\/www.vallox.com\/app\/uploads\/2025\/06\/LehtorantaVillas_Airanne_1452X992-1024x700.webp 1024w,\n            https:\/\/www.vallox.com\/app\/uploads\/2025\/06\/LehtorantaVillas_Airanne_1452X992-768x525.webp 768w,\n            https:\/\/www.vallox.com\/app\/uploads\/2025\/06\/LehtorantaVillas_Airanne_1452X992-300x205.webp 300w,\n            https:\/\/www.vallox.com\/app\/uploads\/2025\/06\/LehtorantaVillas_Airanne_1452X992-150x150.webp 150w,\n        \"\n        alt=\"\"\n        src=\"https:\/\/www.vallox.com\/app\/uploads\/2025\/06\/LehtorantaVillas_Airanne_1452X992-300x205.webp\"\n        class=\"object-cover w-full h-auto\"\n    \/>\n    <\/div>\n\n\n\n<div style=\"height:48px\" aria-hidden=\"true\" class=\"wp-block-spacer\"><\/div>\n\n\n    <div id=\"Section\" class=\"Block Section overflow-hidden w-full\">\n        <div class=\"Section-content relative max-w-[1088px] mx-auto w-full\">\n            \n\n<p class=\"has-text-align-center has-medium-font-size wp-block-paragraph\" style=\"font-style:italic;font-weight:500\">Inomhusluften \u00e4r av avg\u00f6rande betydelse f\u00f6r hur vi m\u00e5r<\/p>\n\n\n\n<p class=\"wp-block-paragraph\">Vi tillbringar upp till 90 procent av tiden inomhus och andas in tusentals liter luft varje dag. Med hj\u00e4lp av ventilation vill vi skapa ett h\u00e4lsosamt och trivsamt inomhusklimat att vistas i. Inomhusluften \u00e4r av avg\u00f6rande betydelse f\u00f6r hur vi m\u00e5r, \u00e4ven om den inte \u00e4r lika konkret som kost, vatten eller motion.<\/p>\n\n\n\n<h2 class=\"wp-block-heading\">Det \u00e4r viktigt att f\u00e4sta uppm\u00e4rksamhet vid ventilationen av f\u00f6ljande anledningar:<\/h2>\n\n\n\n<ol class=\"wp-block-list\">\n<li>Matlagning, disk, tv\u00e4tt, dusch, bastubad och andning avger fukt, os och lukter som effektivs f\u00f6rs bort med en bra ventilation.<\/li>\n\n\n\n<li>L\u00e5g syrehalt orsakar huvudv\u00e4rk och tr\u00f6tthet. Koldioxidhalten i inomhusluften h\u00e5ller sig p\u00e5 en tillr\u00e4ckligt l\u00e5g niv\u00e5 med en effektiv ventilation och vi m\u00e5r b\u00e4ttre och orkar mer.<\/li>\n\n\n\n<li>Byggnadsmaterial och inredningsmaterial avger kontinuerligt emissioner som m\u00e5ste avl\u00e4gsnas med hj\u00e4lp av ventilation f\u00f6r att s\u00e4kerst\u00e4lla en god inomhusluftkvalitet.<\/li>\n<\/ol>\n\n\n\n<p class=\"wp-block-paragraph\">Det traditionella byggs\u00e4ttet s\u00f6rjde f\u00f6r inomhusluftens kvalitet med hj\u00e4lp av sj\u00e4lvdragsventilation som grundar sig p\u00e5 tryckskillnader genom skillnader i h\u00f6jd och temperatur och vindtryck. Tack vare tryckskillnaden leds sk\u00e4md luft och fuktighet ut genom r\u00f6kkanalerna och frisk ers\u00e4ttningsluft tas in i form av l\u00e4ckage genom till exempel f\u00f6nsterspringor eller ventiler f\u00f6r detta \u00e4ndam\u00e5l.<\/p>\n\n\n\n<p class=\"wp-block-paragraph\">I moderna hus som byggs eller renoveras f\u00f6r att vara t\u00e4ta \u00e4r det inte l\u00e4ngre tillr\u00e4ckligt med sj\u00e4lvdragsventilation f\u00f6r god inomhusluft. Med dagens boendevanor \u00e4r fuktbelastningen p\u00e5 inomhusutrymmena stor \u2013 man kan duscha m\u00e5nga g\u00e5nger om dagen och tv\u00e4ttar och torkar tv\u00e4tt inomhus. \u00c5ngsp\u00e4rren och t\u00e4ta f\u00f6nster sl\u00e4pper inte in frisk luft och fukten avl\u00e4gsnar sig inte heller. D\u00e4rf\u00f6r byggs alla nya bost\u00e4der idag med mekanisk ventilation, och i m\u00e5nga \u00e4ldre hus har sj\u00e4lvdragsventilationen ersatts med mekanisk ventilation.<\/p>\n\n\n\n<p class=\"wp-block-paragraph\"><\/p>\n\n\n<div  class=\"Image w-full h-auto mb-8\">\n    <img decoding=\"async\"\n        srcset=\"\n            https:\/\/www.vallox.com\/app\/uploads\/2023\/06\/LaadukasIlmanvaihto_listauskuva_940x628px.jpg 1024w,\n            https:\/\/www.vallox.com\/app\/uploads\/2023\/06\/LaadukasIlmanvaihto_listauskuva_940x628px-768x513.jpg 768w,\n            https:\/\/www.vallox.com\/app\/uploads\/2023\/06\/LaadukasIlmanvaihto_listauskuva_940x628px-300x200.jpg 300w,\n            https:\/\/www.vallox.com\/app\/uploads\/2023\/06\/LaadukasIlmanvaihto_listauskuva_940x628px-150x150.jpg 150w,\n        \"\n        alt=\"\"\n        src=\"https:\/\/www.vallox.com\/app\/uploads\/2023\/06\/LaadukasIlmanvaihto_listauskuva_940x628px-300x200.jpg\"\n        class=\"object-cover w-full h-auto\"\n    \/>\n            <div class=\"ImageTexts\">\n            \n                            <div class=\"Description\">\n                    Man tillbringar \u00e4ven 90% av tiden inne.\n                <\/div>\n                    <\/div>\n    <\/div>\n\n\n\n<h2 class=\"wp-block-heading\">Modern mekanisk ventilationen l\u00e5ter inte v\u00e4rme g\u00e5 till spillo<\/h2>\n\n\n\n<p class=\"wp-block-paragraph\">Byggnaders energieffektivitet f\u00e5r allt st\u00f6rre uppm\u00e4rksamhet, vilket har lett till att moderna ventilationssystem \u00e4r utrustade med mycket effektiv v\u00e4rme\u00e5tervinning.<\/p>\n\n\n\n<p class=\"wp-block-paragraph\">V\u00e4rme\u00e5tervinningen fungerar genom att v\u00e4rmen i fr\u00e5nluften tas tillvara och anv\u00e4nds f\u00f6r att v\u00e4rma upp den inkommande rena och filtrerade uteluften. P\u00e5 s\u00e5 s\u00e4tt minskar risken f\u00f6r drag samtidigt som energif\u00f6rbrukningen f\u00f6r uppv\u00e4rmning reduceras.<\/p>\n\n\n\n<p class=\"wp-block-paragraph\">\u00c5rsverkningsgraden f\u00f6r v\u00e4rme\u00e5tervinning visar hur stor del av v\u00e4rmen i fr\u00e5nluften som kan \u00e5tervinnas och anv\u00e4ndas f\u00f6r att v\u00e4rma den inkommande uteluften. Vallox ventilationsaggregat har en mycket h\u00f6g \u00e5rsverkningsgrad f\u00f6r v\u00e4rme\u00e5tervinning.<\/p>\n\n\n\n<p class=\"wp-block-paragraph\">Till exempel har ventilationsaggregatet MyVallox 99 CFi en \u00e5rsverkningsgrad f\u00f6r v\u00e4rme\u00e5tervinning p\u00e5 82 %, vilket bidrar till l\u00e4gre uppv\u00e4rmningskostnader och \u00f6kad boendekomfort.<\/p>\n\n\n    <\/div>\n<\/div>\n\n\n\n<h2 class=\"wp-block-heading\">Mekanisk ventilation f\u00f6rb\u00e4ttrar boendekomforten<\/h2>\n\n\n\n<p class=\"wp-block-paragraph\">Boendekomforten kan f\u00f6rb\u00e4ttras med hj\u00e4lp av ventilationsautomatik. Automationen i ett mekaniskt ventilationssystem bygger p\u00e5 behovsstyrd och intelligent reglering, d\u00e4r ventilationsaggregatet kontinuerligt \u00f6vervakar inomhusluftens kvalitet och reagerar automatiskt p\u00e5 f\u00f6r\u00e4ndringar.<\/p>\n\n\n\n<p class=\"wp-block-paragraph\">MyVallox-ventilationsaggregat \u00e4r utrustade med inbyggda fukt- och koldioxidgivare som \u00f6vervakar f\u00f6r\u00e4ndringar i inomhusluften och anpassar aggregatets effekt efter behov. P\u00e5 s\u00e5 s\u00e4tt optimeras ventilationen automatiskt enligt de aktuella f\u00f6rh\u00e5llandena.<\/p>\n\n\n\n<p class=\"wp-block-paragraph\">Systemet kan dessutom styras och \u00f6vervakas p\u00e5 flera olika s\u00e4tt, exempelvis via aggregatets egen kontrollpanel eller p\u00e5 distans genom molntj\u00e4nsten MyVallox Cloud. Ventilationen kan \u00e4ven integreras med fastighetsautomation, vilket g\u00f6r att den fungerar automatiskt som en del av ett st\u00f6rre intelligent styrsystem i byggnaden.<\/p>\n\n\n\n<p class=\"wp-block-paragraph\"><\/p>\n","protected":false},"excerpt":{"rendered":"<p>Senast uppdeterad 21. augusti 2026 Mekanisk ventilation f\u00f6rb\u00e4ttrar boendekomforten Boendekomforten kan f\u00f6rb\u00e4ttras med hj\u00e4lp av ventilationsautomatik. Automationen i ett mekaniskt ventilationssystem bygger p\u00e5 behovsstyrd och intelligent reglering, d\u00e4r ventilationsaggregatet kontinuerligt \u00f6vervakar inomhusluftens kvalitet och reagerar automatiskt p\u00e5 f\u00f6r\u00e4ndringar. MyVallox-ventilationsaggregat \u00e4r utrustade med inbyggda fukt- och koldioxidgivare som \u00f6vervakar f\u00f6r\u00e4ndringar i inomhusluften och anpassar aggregatets effekt [&hellip;]<\/p>\n","protected":false},"author":5,"featured_media":4096,"comment_status":"closed","ping_status":"closed","sticky":false,"template":"","format":"standard","meta":{"_acf_changed":false,"footnotes":""},"categories":[238],"tags":[239],"class_list":["post-3835","post","type-post","status-publish","format-standard","has-post-thumbnail","hentry","category-artikkelit-sv","tag-yleinen-sv"],"acf":[],"yoast_head":"<!-- This site is optimized with the Yoast SEO plugin v27.6 - https:\/\/yoast.com\/product\/yoast-seo-wordpress\/ -->\n<title>Varf\u00f6r \u00e4r det s\u00e5 viktigt med h\u00f6gklassig ventilation? - Vallox<\/title>\n<meta name=\"description\" content=\"Med hj\u00e4lp av ventilation vill vi skapa ett h\u00e4lsosamt och trivsamt inomhusklimat att vistas i. Inomhusluften \u00e4r av avg\u00f6rande betydelse f\u00f6r hur vi m\u00e5r.\" \/>\n<meta name=\"robots\" content=\"index, follow, max-snippet:-1, max-image-preview:large, max-video-preview:-1\" \/>\n<link rel=\"canonical\" href=\"https:\/\/www.vallox.com\/sv\/varfor-ar-det-sa-viktigt-med-hogklassig-ventilation\/\" \/>\n<meta property=\"og:locale\" content=\"sv_SE\" \/>\n<meta property=\"og:type\" content=\"article\" \/>\n<meta property=\"og:title\" content=\"Varf\u00f6r \u00e4r det s\u00e5 viktigt med h\u00f6gklassig ventilation? - Vallox\" \/>\n<meta property=\"og:description\" content=\"Med hj\u00e4lp av ventilation vill vi skapa ett h\u00e4lsosamt och trivsamt inomhusklimat att vistas i. Inomhusluften \u00e4r av avg\u00f6rande betydelse f\u00f6r hur vi m\u00e5r.\" \/>\n<meta property=\"og:url\" content=\"https:\/\/www.vallox.com\/sv\/varfor-ar-det-sa-viktigt-med-hogklassig-ventilation\/\" \/>\n<meta property=\"og:site_name\" content=\"Vallox\" \/>\n<meta property=\"article:publisher\" content=\"https:\/\/www.facebook.com\/valloxoy\" \/>\n<meta property=\"article:published_time\" content=\"2015-08-28T07:41:00+00:00\" \/>\n<meta property=\"article:modified_time\" content=\"2026-08-21T13:07:35+00:00\" \/>\n<meta property=\"og:image\" content=\"https:\/\/www.vallox.com\/app\/uploads\/2023\/06\/LaadukasIlmanvaihto_listauskuva_940x628px.jpg\" \/>\n\t<meta property=\"og:image:width\" content=\"940\" \/>\n\t<meta property=\"og:image:height\" content=\"628\" \/>\n\t<meta property=\"og:image:type\" content=\"image\/jpeg\" \/>\n<meta name=\"author\" content=\"Viola Juuso\" \/>\n<meta name=\"twitter:card\" content=\"summary_large_image\" \/>\n<meta name=\"twitter:label1\" content=\"Written by\" \/>\n\t<meta name=\"twitter:data1\" content=\"Viola Juuso\" \/>\n\t<meta name=\"twitter:label2\" content=\"Est. reading time\" \/>\n\t<meta name=\"twitter:data2\" content=\"7 minutes\" \/>\n<script type=\"application\/ld+json\" class=\"yoast-schema-graph\">{\"@context\":\"https:\\\/\\\/schema.org\",\"@graph\":[{\"@type\":\"Article\",\"@id\":\"https:\\\/\\\/www.vallox.com\\\/sv\\\/varfor-ar-det-sa-viktigt-med-hogklassig-ventilation\\\/#article\",\"isPartOf\":{\"@id\":\"https:\\\/\\\/www.vallox.com\\\/sv\\\/varfor-ar-det-sa-viktigt-med-hogklassig-ventilation\\\/\"},\"author\":{\"name\":\"Viola Juuso\",\"@id\":\"https:\\\/\\\/www.vallox.com\\\/sv\\\/#\\\/schema\\\/person\\\/f044541c8c8daf7c7be6749fb9ed43fb\"},\"headline\":\"Varf\u00f6r \u00e4r det s\u00e5 viktigt med h\u00f6gklassig ventilation?\",\"datePublished\":\"2015-08-28T07:41:00+00:00\",\"dateModified\":\"2026-08-21T13:07:35+00:00\",\"mainEntityOfPage\":{\"@id\":\"https:\\\/\\\/www.vallox.com\\\/sv\\\/varfor-ar-det-sa-viktigt-med-hogklassig-ventilation\\\/\"},\"wordCount\":612,\"publisher\":{\"@id\":\"https:\\\/\\\/www.vallox.com\\\/sv\\\/#organization\"},\"image\":{\"@id\":\"https:\\\/\\\/www.vallox.com\\\/sv\\\/varfor-ar-det-sa-viktigt-med-hogklassig-ventilation\\\/#primaryimage\"},\"thumbnailUrl\":\"https:\\\/\\\/www.vallox.com\\\/app\\\/uploads\\\/2023\\\/06\\\/LaadukasIlmanvaihto_listauskuva_940x628px.jpg\",\"keywords\":[\"yleinen\"],\"articleSection\":[\"Artiklar\"],\"inLanguage\":\"sv-SE\"},{\"@type\":\"WebPage\",\"@id\":\"https:\\\/\\\/www.vallox.com\\\/sv\\\/varfor-ar-det-sa-viktigt-med-hogklassig-ventilation\\\/\",\"url\":\"https:\\\/\\\/www.vallox.com\\\/sv\\\/varfor-ar-det-sa-viktigt-med-hogklassig-ventilation\\\/\",\"name\":\"Varf\u00f6r \u00e4r det s\u00e5 viktigt med h\u00f6gklassig ventilation? - Vallox\",\"isPartOf\":{\"@id\":\"https:\\\/\\\/www.vallox.com\\\/sv\\\/#website\"},\"primaryImageOfPage\":{\"@id\":\"https:\\\/\\\/www.vallox.com\\\/sv\\\/varfor-ar-det-sa-viktigt-med-hogklassig-ventilation\\\/#primaryimage\"},\"image\":{\"@id\":\"https:\\\/\\\/www.vallox.com\\\/sv\\\/varfor-ar-det-sa-viktigt-med-hogklassig-ventilation\\\/#primaryimage\"},\"thumbnailUrl\":\"https:\\\/\\\/www.vallox.com\\\/app\\\/uploads\\\/2023\\\/06\\\/LaadukasIlmanvaihto_listauskuva_940x628px.jpg\",\"datePublished\":\"2015-08-28T07:41:00+00:00\",\"dateModified\":\"2026-08-21T13:07:35+00:00\",\"description\":\"Med hj\u00e4lp av ventilation vill vi skapa ett h\u00e4lsosamt och trivsamt inomhusklimat att vistas i. Inomhusluften \u00e4r av avg\u00f6rande betydelse f\u00f6r hur vi m\u00e5r.\",\"breadcrumb\":{\"@id\":\"https:\\\/\\\/www.vallox.com\\\/sv\\\/varfor-ar-det-sa-viktigt-med-hogklassig-ventilation\\\/#breadcrumb\"},\"inLanguage\":\"sv-SE\",\"potentialAction\":[{\"@type\":\"ReadAction\",\"target\":[\"https:\\\/\\\/www.vallox.com\\\/sv\\\/varfor-ar-det-sa-viktigt-med-hogklassig-ventilation\\\/\"]}]},{\"@type\":\"ImageObject\",\"inLanguage\":\"sv-SE\",\"@id\":\"https:\\\/\\\/www.vallox.com\\\/sv\\\/varfor-ar-det-sa-viktigt-med-hogklassig-ventilation\\\/#primaryimage\",\"url\":\"https:\\\/\\\/www.vallox.com\\\/app\\\/uploads\\\/2023\\\/06\\\/LaadukasIlmanvaihto_listauskuva_940x628px.jpg\",\"contentUrl\":\"https:\\\/\\\/www.vallox.com\\\/app\\\/uploads\\\/2023\\\/06\\\/LaadukasIlmanvaihto_listauskuva_940x628px.jpg\",\"width\":940,\"height\":628},{\"@type\":\"BreadcrumbList\",\"@id\":\"https:\\\/\\\/www.vallox.com\\\/sv\\\/varfor-ar-det-sa-viktigt-med-hogklassig-ventilation\\\/#breadcrumb\",\"itemListElement\":[{\"@type\":\"ListItem\",\"position\":1,\"name\":\"Home\",\"item\":\"https:\\\/\\\/www.vallox.com\\\/sv\\\/\"},{\"@type\":\"ListItem\",\"position\":2,\"name\":\"Varf\u00f6r \u00e4r det s\u00e5 viktigt med h\u00f6gklassig ventilation?\"}]},{\"@type\":\"WebSite\",\"@id\":\"https:\\\/\\\/www.vallox.com\\\/sv\\\/#website\",\"url\":\"https:\\\/\\\/www.vallox.com\\\/sv\\\/\",\"name\":\"Vallox\",\"description\":\"\",\"publisher\":{\"@id\":\"https:\\\/\\\/www.vallox.com\\\/sv\\\/#organization\"},\"potentialAction\":[{\"@type\":\"SearchAction\",\"target\":{\"@type\":\"EntryPoint\",\"urlTemplate\":\"https:\\\/\\\/www.vallox.com\\\/sv\\\/?s={search_term_string}\"},\"query-input\":{\"@type\":\"PropertyValueSpecification\",\"valueRequired\":true,\"valueName\":\"search_term_string\"}}],\"inLanguage\":\"sv-SE\"},{\"@type\":\"Organization\",\"@id\":\"https:\\\/\\\/www.vallox.com\\\/sv\\\/#organization\",\"name\":\"Vallox Oy\",\"alternateName\":\"Vallox\",\"url\":\"https:\\\/\\\/www.vallox.com\\\/sv\\\/\",\"logo\":{\"@type\":\"ImageObject\",\"inLanguage\":\"sv-SE\",\"@id\":\"https:\\\/\\\/www.vallox.com\\\/sv\\\/#\\\/schema\\\/logo\\\/image\\\/\",\"url\":\"https:\\\/\\\/www.vallox.com\\\/app\\\/uploads\\\/2026\\\/02\\\/ValloxLogo-HomeSlogan_RGB_Main_500px.webp\",\"contentUrl\":\"https:\\\/\\\/www.vallox.com\\\/app\\\/uploads\\\/2026\\\/02\\\/ValloxLogo-HomeSlogan_RGB_Main_500px.webp\",\"width\":500,\"height\":262,\"caption\":\"Vallox Oy\"},\"image\":{\"@id\":\"https:\\\/\\\/www.vallox.com\\\/sv\\\/#\\\/schema\\\/logo\\\/image\\\/\"},\"sameAs\":[\"https:\\\/\\\/www.facebook.com\\\/valloxoy\",\"https:\\\/\\\/www.linkedin.com\\\/company\\\/vallox-oy\\\/\",\"https:\\\/\\\/www.instagram.com\\\/valloxoy\\\/\"]},{\"@type\":\"Person\",\"@id\":\"https:\\\/\\\/www.vallox.com\\\/sv\\\/#\\\/schema\\\/person\\\/f044541c8c8daf7c7be6749fb9ed43fb\",\"name\":\"Viola Juuso\",\"image\":{\"@type\":\"ImageObject\",\"inLanguage\":\"sv-SE\",\"@id\":\"https:\\\/\\\/secure.gravatar.com\\\/avatar\\\/66a06262981bfaee600d4fc405a92c846ae081d555b32e08ee7b8b43fe1fc3ba?s=96&d=mm&r=g\",\"url\":\"https:\\\/\\\/secure.gravatar.com\\\/avatar\\\/66a06262981bfaee600d4fc405a92c846ae081d555b32e08ee7b8b43fe1fc3ba?s=96&d=mm&r=g\",\"contentUrl\":\"https:\\\/\\\/secure.gravatar.com\\\/avatar\\\/66a06262981bfaee600d4fc405a92c846ae081d555b32e08ee7b8b43fe1fc3ba?s=96&d=mm&r=g\",\"caption\":\"Viola Juuso\"}}]}<\/script>\n<!-- \/ Yoast SEO plugin. -->","yoast_head_json":{"title":"Varf\u00f6r \u00e4r det s\u00e5 viktigt med h\u00f6gklassig ventilation? - Vallox","description":"Med hj\u00e4lp av ventilation vill vi skapa ett h\u00e4lsosamt och trivsamt inomhusklimat att vistas i. Inomhusluften \u00e4r av avg\u00f6rande betydelse f\u00f6r hur vi m\u00e5r.","robots":{"index":"index","follow":"follow","max-snippet":"max-snippet:-1","max-image-preview":"max-image-preview:large","max-video-preview":"max-video-preview:-1"},"canonical":"https:\/\/www.vallox.com\/sv\/varfor-ar-det-sa-viktigt-med-hogklassig-ventilation\/","og_locale":"sv_SE","og_type":"article","og_title":"Varf\u00f6r \u00e4r det s\u00e5 viktigt med h\u00f6gklassig ventilation? - Vallox","og_description":"Med hj\u00e4lp av ventilation vill vi skapa ett h\u00e4lsosamt och trivsamt inomhusklimat att vistas i. Inomhusluften \u00e4r av avg\u00f6rande betydelse f\u00f6r hur vi m\u00e5r.","og_url":"https:\/\/www.vallox.com\/sv\/varfor-ar-det-sa-viktigt-med-hogklassig-ventilation\/","og_site_name":"Vallox","article_publisher":"https:\/\/www.facebook.com\/valloxoy","article_published_time":"2015-08-28T07:41:00+00:00","article_modified_time":"2026-08-21T13:07:35+00:00","og_image":[{"width":940,"height":628,"url":"https:\/\/www.vallox.com\/app\/uploads\/2023\/06\/LaadukasIlmanvaihto_listauskuva_940x628px.jpg","type":"image\/jpeg"}],"author":"Viola Juuso","twitter_card":"summary_large_image","twitter_misc":{"Written by":"Viola Juuso","Est. reading time":"7 minutes"},"schema":{"@context":"https:\/\/schema.org","@graph":[{"@type":"Article","@id":"https:\/\/www.vallox.com\/sv\/varfor-ar-det-sa-viktigt-med-hogklassig-ventilation\/#article","isPartOf":{"@id":"https:\/\/www.vallox.com\/sv\/varfor-ar-det-sa-viktigt-med-hogklassig-ventilation\/"},"author":{"name":"Viola Juuso","@id":"https:\/\/www.vallox.com\/sv\/#\/schema\/person\/f044541c8c8daf7c7be6749fb9ed43fb"},"headline":"Varf\u00f6r \u00e4r det s\u00e5 viktigt med h\u00f6gklassig ventilation?","datePublished":"2015-08-28T07:41:00+00:00","dateModified":"2026-08-21T13:07:35+00:00","mainEntityOfPage":{"@id":"https:\/\/www.vallox.com\/sv\/varfor-ar-det-sa-viktigt-med-hogklassig-ventilation\/"},"wordCount":612,"publisher":{"@id":"https:\/\/www.vallox.com\/sv\/#organization"},"image":{"@id":"https:\/\/www.vallox.com\/sv\/varfor-ar-det-sa-viktigt-med-hogklassig-ventilation\/#primaryimage"},"thumbnailUrl":"https:\/\/www.vallox.com\/app\/uploads\/2023\/06\/LaadukasIlmanvaihto_listauskuva_940x628px.jpg","keywords":["yleinen"],"articleSection":["Artiklar"],"inLanguage":"sv-SE"},{"@type":"WebPage","@id":"https:\/\/www.vallox.com\/sv\/varfor-ar-det-sa-viktigt-med-hogklassig-ventilation\/","url":"https:\/\/www.vallox.com\/sv\/varfor-ar-det-sa-viktigt-med-hogklassig-ventilation\/","name":"Varf\u00f6r \u00e4r det s\u00e5 viktigt med h\u00f6gklassig ventilation? - Vallox","isPartOf":{"@id":"https:\/\/www.vallox.com\/sv\/#website"},"primaryImageOfPage":{"@id":"https:\/\/www.vallox.com\/sv\/varfor-ar-det-sa-viktigt-med-hogklassig-ventilation\/#primaryimage"},"image":{"@id":"https:\/\/www.vallox.com\/sv\/varfor-ar-det-sa-viktigt-med-hogklassig-ventilation\/#primaryimage"},"thumbnailUrl":"https:\/\/www.vallox.com\/app\/uploads\/2023\/06\/LaadukasIlmanvaihto_listauskuva_940x628px.jpg","datePublished":"2015-08-28T07:41:00+00:00","dateModified":"2026-08-21T13:07:35+00:00","description":"Med hj\u00e4lp av ventilation vill vi skapa ett h\u00e4lsosamt och trivsamt inomhusklimat att vistas i. Inomhusluften \u00e4r av avg\u00f6rande betydelse f\u00f6r hur vi m\u00e5r.","breadcrumb":{"@id":"https:\/\/www.vallox.com\/sv\/varfor-ar-det-sa-viktigt-med-hogklassig-ventilation\/#breadcrumb"},"inLanguage":"sv-SE","potentialAction":[{"@type":"ReadAction","target":["https:\/\/www.vallox.com\/sv\/varfor-ar-det-sa-viktigt-med-hogklassig-ventilation\/"]}]},{"@type":"ImageObject","inLanguage":"sv-SE","@id":"https:\/\/www.vallox.com\/sv\/varfor-ar-det-sa-viktigt-med-hogklassig-ventilation\/#primaryimage","url":"https:\/\/www.vallox.com\/app\/uploads\/2023\/06\/LaadukasIlmanvaihto_listauskuva_940x628px.jpg","contentUrl":"https:\/\/www.vallox.com\/app\/uploads\/2023\/06\/LaadukasIlmanvaihto_listauskuva_940x628px.jpg","width":940,"height":628},{"@type":"BreadcrumbList","@id":"https:\/\/www.vallox.com\/sv\/varfor-ar-det-sa-viktigt-med-hogklassig-ventilation\/#breadcrumb","itemListElement":[{"@type":"ListItem","position":1,"name":"Home","item":"https:\/\/www.vallox.com\/sv\/"},{"@type":"ListItem","position":2,"name":"Varf\u00f6r \u00e4r det s\u00e5 viktigt med h\u00f6gklassig ventilation?"}]},{"@type":"WebSite","@id":"https:\/\/www.vallox.com\/sv\/#website","url":"https:\/\/www.vallox.com\/sv\/","name":"Vallox","description":"","publisher":{"@id":"https:\/\/www.vallox.com\/sv\/#organization"},"potentialAction":[{"@type":"SearchAction","target":{"@type":"EntryPoint","urlTemplate":"https:\/\/www.vallox.com\/sv\/?s={search_term_string}"},"query-input":{"@type":"PropertyValueSpecification","valueRequired":true,"valueName":"search_term_string"}}],"inLanguage":"sv-SE"},{"@type":"Organization","@id":"https:\/\/www.vallox.com\/sv\/#organization","name":"Vallox Oy","alternateName":"Vallox","url":"https:\/\/www.vallox.com\/sv\/","logo":{"@type":"ImageObject","inLanguage":"sv-SE","@id":"https:\/\/www.vallox.com\/sv\/#\/schema\/logo\/image\/","url":"https:\/\/www.vallox.com\/app\/uploads\/2026\/02\/ValloxLogo-HomeSlogan_RGB_Main_500px.webp","contentUrl":"https:\/\/www.vallox.com\/app\/uploads\/2026\/02\/ValloxLogo-HomeSlogan_RGB_Main_500px.webp","width":500,"height":262,"caption":"Vallox Oy"},"image":{"@id":"https:\/\/www.vallox.com\/sv\/#\/schema\/logo\/image\/"},"sameAs":["https:\/\/www.facebook.com\/valloxoy","https:\/\/www.linkedin.com\/company\/vallox-oy\/","https:\/\/www.instagram.com\/valloxoy\/"]},{"@type":"Person","@id":"https:\/\/www.vallox.com\/sv\/#\/schema\/person\/f044541c8c8daf7c7be6749fb9ed43fb","name":"Viola Juuso","image":{"@type":"ImageObject","inLanguage":"sv-SE","@id":"https:\/\/secure.gravatar.com\/avatar\/66a06262981bfaee600d4fc405a92c846ae081d555b32e08ee7b8b43fe1fc3ba?s=96&d=mm&r=g","url":"https:\/\/secure.gravatar.com\/avatar\/66a06262981bfaee600d4fc405a92c846ae081d555b32e08ee7b8b43fe1fc3ba?s=96&d=mm&r=g","contentUrl":"https:\/\/secure.gravatar.com\/avatar\/66a06262981bfaee600d4fc405a92c846ae081d555b32e08ee7b8b43fe1fc3ba?s=96&d=mm&r=g","caption":"Viola Juuso"}}]}},"_links":{"self":[{"href":"https:\/\/www.vallox.com\/sv\/wp-json\/wp\/v2\/posts\/3835","targetHints":{"allow":["GET"]}}],"collection":[{"href":"https:\/\/www.vallox.com\/sv\/wp-json\/wp\/v2\/posts"}],"about":[{"href":"https:\/\/www.vallox.com\/sv\/wp-json\/wp\/v2\/types\/post"}],"author":[{"embeddable":true,"href":"https:\/\/www.vallox.com\/sv\/wp-json\/wp\/v2\/users\/5"}],"replies":[{"embeddable":true,"href":"https:\/\/www.vallox.com\/sv\/wp-json\/wp\/v2\/comments?post=3835"}],"version-history":[{"count":7,"href":"https:\/\/www.vallox.com\/sv\/wp-json\/wp\/v2\/posts\/3835\/revisions"}],"predecessor-version":[{"id":31938,"href":"https:\/\/www.vallox.com\/sv\/wp-json\/wp\/v2\/posts\/3835\/revisions\/31938"}],"wp:featuredmedia":[{"embeddable":true,"href":"https:\/\/www.vallox.com\/sv\/wp-json\/wp\/v2\/media\/4096"}],"wp:attachment":[{"href":"https:\/\/www.vallox.com\/sv\/wp-json\/wp\/v2\/media?parent=3835"}],"wp:term":[{"taxonomy":"category","embeddable":true,"href":"https:\/\/www.vallox.com\/sv\/wp-json\/wp\/v2\/categories?post=3835"},{"taxonomy":"post_tag","embeddable":true,"href":"https:\/\/www.vallox.com\/sv\/wp-json\/wp\/v2\/tags?post=3835"}],"curies":[{"name":"wp","href":"https:\/\/api.w.org\/{rel}","templated":true}]}}