{"id":3761,"date":"2020-11-15T15:54:00","date_gmt":"2020-11-15T13:54:00","guid":{"rendered":"https:\/\/vallox.com\/ilmanvaihtokone-ja-pakkanen\/"},"modified":"2026-01-12T10:13:50","modified_gmt":"2026-01-12T08:13:50","slug":"ventilationsaggregat-och-kold","status":"publish","type":"post","link":"https:\/\/www.vallox.com\/sv\/ventilationsaggregat-och-kold\/","title":{"rendered":"Ventilationsaggregat och k\u00f6ld"},"content":{"rendered":"\n<div style=\"height:30px\" aria-hidden=\"true\" class=\"wp-block-spacer\"><\/div>\n\n\n    <div id=\"\" class=\"Block Section overflow-hidden w-full\">\n        <div class=\"Section-content relative max-w-[1088px] mx-auto w-full\">\n            \n<div  class=\"Image w-full h-auto mb-8\">\n    <img decoding=\"async\"\n        srcset=\"\n            https:\/\/www.vallox.com\/app\/uploads\/2023\/06\/Artikkeli_VuodenKylmimpienViikkojenMuistilista_paakuva_1140x350px-1024x314.jpg 1024w,\n            https:\/\/www.vallox.com\/app\/uploads\/2023\/06\/Artikkeli_VuodenKylmimpienViikkojenMuistilista_paakuva_1140x350px-768x236.jpg 768w,\n            https:\/\/www.vallox.com\/app\/uploads\/2023\/06\/Artikkeli_VuodenKylmimpienViikkojenMuistilista_paakuva_1140x350px-300x92.jpg 300w,\n            https:\/\/www.vallox.com\/app\/uploads\/2023\/06\/Artikkeli_VuodenKylmimpienViikkojenMuistilista_paakuva_1140x350px-150x150.jpg 150w,\n        \"\n        alt=\"ilmanvaihtojapakkanen_kuvituskuvaa\"\n        src=\"https:\/\/www.vallox.com\/app\/uploads\/2023\/06\/Artikkeli_VuodenKylmimpienViikkojenMuistilista_paakuva_1140x350px-300x92.jpg\"\n        class=\"object-cover w-full h-auto\"\n    \/>\n    <\/div>\n\n\n\n<p><strong>Vad ska jag g\u00f6ra om v\u00e4rmev\u00e4xlaren fryser till? \u00c4r det normalt att ventilationsaggregatet samlar vatten? Varf\u00f6r kan ett maskinellt ventilationsaggregat frysa? Checklistan hj\u00e4lper.<\/strong><\/p>\n\n\n\n<p><\/p>\n\n\n\n<h2 class=\"wp-block-heading\">\u00c4r det stopp i kondensvattenr\u00f6ret?<\/h2>\n\n\n\n<p>Ventilationsaggregat med en h\u00f6g verkningsgrad kondenserar stora m\u00e4ngder vatten vid kallt v\u00e4der. Innan det blir kallt l\u00f6nar det sig att kontrollera att kondensvattenr\u00f6ret \u00e4r \u00f6ppet och att det till exempel inte samlats insekter i vattenl\u00e5set under sommaren. Kondensvatten uppst\u00e5r n\u00e4r den fuktiga inomhusluften m\u00f6ter den kalla v\u00e4rmev\u00e4xlaren vid minusgrader. Kondensvattenm\u00e4ngden p\u00e5verkar inte luftfuktigheten p\u00e5 den luft som tas in. Eftersom det knappast finns n\u00e5got vatten i utomhusluften vid minusgrader \u00e4r inomhusluften alltid torr vid k\u00f6ld.<\/p>\n\n\n\n<p><\/p>\n\n\n\n<h2 class=\"wp-block-heading\">\u00c4r gallret f\u00f6r utomhusluften t\u00e4ckt av rimfrost?<\/h2>\n\n\n\n<p>P\u00e5 det yttre gallret, via vilken ventilationsaggregatet suger in utomhusluft, kan det samlas rimfrost vid k\u00f6ldgrader. Om tr\u00e4dens grenar \u00e4r vackert frostt\u00e4ckta l\u00f6nar det sig att kontrollera gallret och reng\u00f6ra det till exempel med en borste. Det f\u00e5r dock inte finnas n\u00e5got filter eller insektsskydd p\u00e5 det yttre gallret. \u00c4ven i ventilationsaggregatets filter kan sn\u00f6 tr\u00e4nga in. Om detta h\u00e4nder \u00e4r det enkelt att ta bort filtret, reng\u00f6ra det fr\u00e5n sn\u00f6 och montera tillbaka det. Om gallret eller filtret t\u00e4pps till, \u00f6kar undertrycket i bostaden.<\/p>\n\n\n\n<p><\/p>\n\n\n\n<h2 class=\"wp-block-heading\">\u00c4r ventilationskanalernas kondensisolering i skick?<\/h2>\n\n\n\n<p>Ventilationsr\u00f6rens kondensisolering har i uppgift att f\u00f6rhindra att luftfuktigheten i huset kondenseras i de kalla r\u00f6ren. Cellplatsisoleringen ska str\u00e4cka sig \u00e4nda fr\u00e5n aggregatets ovansida till \u00e5ngsp\u00e4rren (\u00e4ven mellan aggregatet och takmonteringsplattan). Om kanalerna f\u00f6r uteluft och avluft inte har kondensisolerats i ett varmt utrymme kan det samlas fukt och is p\u00e5 deras yttre ytor. N\u00e4r utomhusluften blir varmare sm\u00e4lter isen och sm\u00e4ltvattnet rinner ovanp\u00e5 aggregatet och slutligen ner mellan ytpl\u00e5tarna. Detta kan g\u00f6ra att det ser ut som om aggregatet skulle l\u00e4cka vatten i nedre h\u00f6rnen, \u00e4ven om vattnet egentligen kommer av att kanalerna ovanf\u00f6r aggregatet svettas.<\/p>\n\n\n\n<p><\/p>\n\n\n\n<h2 class=\"wp-block-heading\">\u00c4r fr\u00e5nluftr\u00f6rets v\u00e4rmeisolering tillr\u00e4cklig?<\/h2>\n\n\n\n<p>Vallox ventilationsaggregat planeras f\u00f6r att utnyttja fr\u00e5nluftens v\u00e4rme s\u00e5 effektivt som m\u00f6jligt. D\u00e4rf\u00f6r har den avluft som bl\u00e5ses ut vid k\u00f6ldgrader en mycket l\u00e5g temperatur \u2013 till och med under -10 \u00b0C. Vid k\u00f6ldgrader kan takgenomf\u00f6ringen eller utbl\u00e5sningsanordningen p\u00e5 v\u00e4ggen t\u00e4ckas av rimfrost. Till och med fr\u00e5nluftsr\u00f6ret p\u00e5 vinden kan frysa. Ventilation som \u00e4r f\u00f6r knapp i f\u00f6rh\u00e5llande till bostadens fuktighetsbelastning bidrar till frysning. Isen i avluftskanalen minskar avluftsstr\u00f6mmen och kan orsaka felaktig funktion i frostskyddsautomatiken och slutligen g\u00f6ra s\u00e5 att v\u00e4rmev\u00e4xlaren fryser.<\/p>\n\n\n\n<p>Om avluftskanalen upprepade g\u00e5nger fryser till b\u00f6r man kontrollera dess v\u00e4rmeisolering. Ett k\u00e4nsligt st\u00e4lle \u00e4r ofta strax under yttertaket, i fogen mellan fr\u00e5nluftsr\u00f6ret och takgenomf\u00f6ringen. En oskyddad kanal p\u00e5 en kall vind g\u00f6r att kondens och is bildas p\u00e5 insidan. Den del av sj\u00e4lva takgenomf\u00f6ringen som g\u00e5r ovanf\u00f6r yttertaket ska ocks\u00e5 vara v\u00e4rmeisolerad och f\u00f6rsedd med en tillr\u00e4ckligt stor fr\u00e5nlufts\u00f6ppning. Takgenomf\u00f6ringen ska vanligtvis vara 1\u20132 kanalstorlekar st\u00f6rre \u00e4n avluftskanalen. Det vill s\u00e4ga att om avluftskanalen fr\u00e5n ventilationsaggregatet till exempel \u00e4r 160 mm, ska takgenomf\u00f6ringen vara 200 mm eller 250 mm till sitt nominella m\u00e5tt.<\/p>\n\n\n\n<p><\/p>\n\n\n\n<h2 class=\"wp-block-heading\">Hur ska avluftskanalen avfrostas om det har samlats is i den?<\/h2>\n\n\n\n<p>Avluftskanalen och utbl\u00e5sningsanordningen kan avfrostas genom att man bl\u00e5ser varm luft fr\u00e5n ventilationsaggregatet till avluftskanalen med en varmluftsbl\u00e5sare. I vissa Vallox-aggregatmodeller kan avfrostningen g\u00f6ras med aggregatets egna fl\u00e4ktar genom att aggregatet anv\u00e4nds med serviceluckan \u00f6ppen.<\/p>\n\n\n\n<p>De nyaste Vallox ventilationsaggregaten har automatik som identifierar att avluftsaggregatet frusit och vid behov utf\u00f6r en effektiverad avfrostningsperiod. <a href=\"https:\/\/www.vallox.com\/sv\/support-och-instruktioner\/programuppdatering\/\" target=\"_blank\" rel=\"noreferrer noopener\">F\u00f6rs\u00e4kra dig om att ditt ventilationsaggregat har den senaste programversionen<\/a>.<\/p>\n\n\n\n<p><\/p>\n\n\n\n<h2 class=\"wp-block-heading\">Varf\u00f6r fryser ventilationsaggregatet?<\/h2>\n\n\n\n<p>Ventilationsaggregatet ska fungera \u00e4ven vid kallt v\u00e4der och ventilationen ska vara p\u00e5 \u00e4ven vid k\u00f6ldgrader. Om ventilationsaggregatet fryser m\u00e5ste orsaken utredas. Om v\u00e4rmev\u00e4xlaren fryser kan det till exempel bero p\u00e5 att aggregatet \u00e4r felaktigt installerat eller p\u00e5 en felaktig termostat eller givare. F\u00f6r de nyaste ventilationsaggregaten \u00e4r det \u00e4nd\u00e5 normalt att det tidvis finns en viss m\u00e4ngd is i v\u00e4rmev\u00e4xlaren. P\u00e5 detta s\u00e4tt f\u00e5r man ut det sista av verkningsgraden.<\/p>\n\n\n\n<p>Vallox ventilationsaggregat som \u00e4r f\u00f6rsedda med f\u00f6rv\u00e4rmning eller stopp f\u00f6r tilluftsfl\u00e4kten har beroende p\u00e5 aggregatmodell till exempel f\u00f6ljande avfrostningsinst\u00e4llningar: stopp av tilluftsfl\u00e4kten, f\u00f6rv\u00e4rmning och hysteres (skillnaden mellan fl\u00e4ktens eller f\u00f6rv\u00e4rmningsmotst\u00e5ndets start- och sl\u00e4ckningstemperatur). Fabriksinst\u00e4llningarna finns i ventilationsaggregatets bruksanvisning. Om det efter detta fortfarande f\u00f6rekommer frysning kan ovan n\u00e4mnda inst\u00e4llningsv\u00e4rden h\u00f6jas med en grad fr\u00e5n fabriksinst\u00e4llningarna.<\/p>\n\n\n\n<p>F\u00f6r ventilationsaggregat som \u00e4r f\u00f6rsedda med MyVallox-kontrollpanel \u00e4r inst\u00e4llningarna f\u00f6r avfrostningsautomatiken den relativa fuktigheten f\u00f6r inomhusluften (fabriksinst\u00e4llning 0 %) och utelufttemperaturen (fabriksinst\u00e4llning 20 C). I <a href=\"https:\/\/vallox.techmanuals.info\/ValloxMV\/FIN\/help\/webhelp\/\" target=\"_blank\" rel=\"noreferrer noopener\">MyVallox WebHelp<\/a> finns noggrannare anvisningar (p\u00e5 finska och engelska) med s\u00f6kordet Sulatusasetukset (Avfrostningsinst\u00e4llningar).<\/p>\n\n\n\n<p>Det l\u00f6nar sig inte att \u00e4ndra aggregatets inst\u00e4llningar om man inte \u00e4r s\u00e4ker p\u00e5 vad man g\u00f6r. Om du har fr\u00e5gor eller problem med ventilationsaggregatets funktion p\u00e5 vintern, ta kontakt med ett auktoriserat Vallox-servicest\u00e4lle.<\/p>\n\n\n    <\/div>\n<\/div>\n","protected":false},"excerpt":{"rendered":"","protected":false},"author":5,"featured_media":4312,"comment_status":"open","ping_status":"open","sticky":false,"template":"","format":"standard","meta":{"_acf_changed":false,"footnotes":""},"categories":[238],"tags":[239],"class_list":["post-3761","post","type-post","status-publish","format-standard","has-post-thumbnail","hentry","category-artikkelit-sv","tag-yleinen-sv"],"acf":[],"yoast_head":"<!-- This site is optimized with the Yoast SEO plugin v26.9 - https:\/\/yoast.com\/product\/yoast-seo-wordpress\/ -->\n<title>Ventilationsaggregat och k\u00f6ld - Vallox<\/title>\n<meta name=\"description\" content=\"Vad ska jag g\u00f6ra om v\u00e4rmev\u00e4xlaren fryser till? \u00c4r det normalt att ventilationsaggregatet samlar vatten? Kan ett maskinellt ventilationsaggregat frysa?\" \/>\n<meta name=\"robots\" content=\"index, follow, max-snippet:-1, max-image-preview:large, max-video-preview:-1\" \/>\n<link rel=\"canonical\" href=\"https:\/\/www.vallox.com\/sv\/ventilationsaggregat-och-kold\/\" \/>\n<meta property=\"og:locale\" content=\"sv_SE\" \/>\n<meta property=\"og:type\" content=\"article\" \/>\n<meta property=\"og:title\" content=\"Ventilationsaggregat och k\u00f6ld - Vallox\" \/>\n<meta property=\"og:description\" content=\"Vad ska jag g\u00f6ra om v\u00e4rmev\u00e4xlaren fryser till? \u00c4r det normalt att ventilationsaggregatet samlar vatten? Kan ett maskinellt ventilationsaggregat frysa?\" \/>\n<meta property=\"og:url\" content=\"https:\/\/www.vallox.com\/sv\/ventilationsaggregat-och-kold\/\" \/>\n<meta property=\"og:site_name\" content=\"Vallox\" \/>\n<meta property=\"article:published_time\" content=\"2020-11-15T13:54:00+00:00\" \/>\n<meta property=\"article:modified_time\" content=\"2026-01-12T08:13:50+00:00\" \/>\n<meta property=\"og:image\" content=\"https:\/\/www.vallox.com\/app\/uploads\/2023\/06\/Artikkeli_VuodenKylmimpienViikkojenMuistilista_listauskuva_940x628px.jpg\" \/>\n\t<meta property=\"og:image:width\" content=\"940\" \/>\n\t<meta property=\"og:image:height\" content=\"628\" \/>\n\t<meta property=\"og:image:type\" content=\"image\/jpeg\" \/>\n<meta name=\"author\" content=\"Viola Juuso\" \/>\n<meta name=\"twitter:card\" content=\"summary_large_image\" \/>\n<meta name=\"twitter:label1\" content=\"Written by\" \/>\n\t<meta name=\"twitter:data1\" content=\"Viola Juuso\" \/>\n\t<meta name=\"twitter:label2\" content=\"Est. reading time\" \/>\n\t<meta name=\"twitter:data2\" content=\"11 minutes\" \/>\n<script type=\"application\/ld+json\" class=\"yoast-schema-graph\">{\"@context\":\"https:\/\/schema.org\",\"@graph\":[{\"@type\":\"Article\",\"@id\":\"https:\/\/www.vallox.com\/sv\/ventilationsaggregat-och-kold\/#article\",\"isPartOf\":{\"@id\":\"https:\/\/www.vallox.com\/sv\/ventilationsaggregat-och-kold\/\"},\"author\":{\"name\":\"Viola Juuso\",\"@id\":\"https:\/\/www.vallox.com\/sv\/#\/schema\/person\/f044541c8c8daf7c7be6749fb9ed43fb\"},\"headline\":\"Ventilationsaggregat och k\u00f6ld\",\"datePublished\":\"2020-11-15T13:54:00+00:00\",\"dateModified\":\"2026-01-12T08:13:50+00:00\",\"mainEntityOfPage\":{\"@id\":\"https:\/\/www.vallox.com\/sv\/ventilationsaggregat-och-kold\/\"},\"wordCount\":909,\"commentCount\":0,\"image\":{\"@id\":\"https:\/\/www.vallox.com\/sv\/ventilationsaggregat-och-kold\/#primaryimage\"},\"thumbnailUrl\":\"https:\/\/www.vallox.com\/app\/uploads\/2023\/06\/Artikkeli_VuodenKylmimpienViikkojenMuistilista_listauskuva_940x628px.jpg\",\"keywords\":[\"yleinen\"],\"articleSection\":[\"Artiklar\"],\"inLanguage\":\"sv-SE\",\"potentialAction\":[{\"@type\":\"CommentAction\",\"name\":\"Comment\",\"target\":[\"https:\/\/www.vallox.com\/sv\/ventilationsaggregat-och-kold\/#respond\"]}]},{\"@type\":\"WebPage\",\"@id\":\"https:\/\/www.vallox.com\/sv\/ventilationsaggregat-och-kold\/\",\"url\":\"https:\/\/www.vallox.com\/sv\/ventilationsaggregat-och-kold\/\",\"name\":\"Ventilationsaggregat och k\u00f6ld - Vallox\",\"isPartOf\":{\"@id\":\"https:\/\/www.vallox.com\/sv\/#website\"},\"primaryImageOfPage\":{\"@id\":\"https:\/\/www.vallox.com\/sv\/ventilationsaggregat-och-kold\/#primaryimage\"},\"image\":{\"@id\":\"https:\/\/www.vallox.com\/sv\/ventilationsaggregat-och-kold\/#primaryimage\"},\"thumbnailUrl\":\"https:\/\/www.vallox.com\/app\/uploads\/2023\/06\/Artikkeli_VuodenKylmimpienViikkojenMuistilista_listauskuva_940x628px.jpg\",\"datePublished\":\"2020-11-15T13:54:00+00:00\",\"dateModified\":\"2026-01-12T08:13:50+00:00\",\"author\":{\"@id\":\"https:\/\/www.vallox.com\/sv\/#\/schema\/person\/f044541c8c8daf7c7be6749fb9ed43fb\"},\"description\":\"Vad ska jag g\u00f6ra om v\u00e4rmev\u00e4xlaren fryser till? \u00c4r det normalt att ventilationsaggregatet samlar vatten? Kan ett maskinellt ventilationsaggregat frysa?\",\"breadcrumb\":{\"@id\":\"https:\/\/www.vallox.com\/sv\/ventilationsaggregat-och-kold\/#breadcrumb\"},\"inLanguage\":\"sv-SE\",\"potentialAction\":[{\"@type\":\"ReadAction\",\"target\":[\"https:\/\/www.vallox.com\/sv\/ventilationsaggregat-och-kold\/\"]}]},{\"@type\":\"ImageObject\",\"inLanguage\":\"sv-SE\",\"@id\":\"https:\/\/www.vallox.com\/sv\/ventilationsaggregat-och-kold\/#primaryimage\",\"url\":\"https:\/\/www.vallox.com\/app\/uploads\/2023\/06\/Artikkeli_VuodenKylmimpienViikkojenMuistilista_listauskuva_940x628px.jpg\",\"contentUrl\":\"https:\/\/www.vallox.com\/app\/uploads\/2023\/06\/Artikkeli_VuodenKylmimpienViikkojenMuistilista_listauskuva_940x628px.jpg\",\"width\":940,\"height\":628,\"caption\":\"talvinenmaisema_kuvituskuva\"},{\"@type\":\"BreadcrumbList\",\"@id\":\"https:\/\/www.vallox.com\/sv\/ventilationsaggregat-och-kold\/#breadcrumb\",\"itemListElement\":[{\"@type\":\"ListItem\",\"position\":1,\"name\":\"Home\",\"item\":\"https:\/\/www.vallox.com\/sv\/\"},{\"@type\":\"ListItem\",\"position\":2,\"name\":\"Ventilationsaggregat och k\u00f6ld\"}]},{\"@type\":\"WebSite\",\"@id\":\"https:\/\/www.vallox.com\/sv\/#website\",\"url\":\"https:\/\/www.vallox.com\/sv\/\",\"name\":\"Vallox\",\"description\":\"\",\"potentialAction\":[{\"@type\":\"SearchAction\",\"target\":{\"@type\":\"EntryPoint\",\"urlTemplate\":\"https:\/\/www.vallox.com\/sv\/?s={search_term_string}\"},\"query-input\":{\"@type\":\"PropertyValueSpecification\",\"valueRequired\":true,\"valueName\":\"search_term_string\"}}],\"inLanguage\":\"sv-SE\"},{\"@type\":\"Person\",\"@id\":\"https:\/\/www.vallox.com\/sv\/#\/schema\/person\/f044541c8c8daf7c7be6749fb9ed43fb\",\"name\":\"Viola Juuso\",\"image\":{\"@type\":\"ImageObject\",\"inLanguage\":\"sv-SE\",\"@id\":\"https:\/\/www.vallox.com\/sv\/#\/schema\/person\/image\/\",\"url\":\"https:\/\/secure.gravatar.com\/avatar\/66a06262981bfaee600d4fc405a92c846ae081d555b32e08ee7b8b43fe1fc3ba?s=96&d=mm&r=g\",\"contentUrl\":\"https:\/\/secure.gravatar.com\/avatar\/66a06262981bfaee600d4fc405a92c846ae081d555b32e08ee7b8b43fe1fc3ba?s=96&d=mm&r=g\",\"caption\":\"Viola Juuso\"}}]}<\/script>\n<!-- \/ Yoast SEO plugin. -->","yoast_head_json":{"title":"Ventilationsaggregat och k\u00f6ld - Vallox","description":"Vad ska jag g\u00f6ra om v\u00e4rmev\u00e4xlaren fryser till? \u00c4r det normalt att ventilationsaggregatet samlar vatten? Kan ett maskinellt ventilationsaggregat frysa?","robots":{"index":"index","follow":"follow","max-snippet":"max-snippet:-1","max-image-preview":"max-image-preview:large","max-video-preview":"max-video-preview:-1"},"canonical":"https:\/\/www.vallox.com\/sv\/ventilationsaggregat-och-kold\/","og_locale":"sv_SE","og_type":"article","og_title":"Ventilationsaggregat och k\u00f6ld - Vallox","og_description":"Vad ska jag g\u00f6ra om v\u00e4rmev\u00e4xlaren fryser till? \u00c4r det normalt att ventilationsaggregatet samlar vatten? Kan ett maskinellt ventilationsaggregat frysa?","og_url":"https:\/\/www.vallox.com\/sv\/ventilationsaggregat-och-kold\/","og_site_name":"Vallox","article_published_time":"2020-11-15T13:54:00+00:00","article_modified_time":"2026-01-12T08:13:50+00:00","og_image":[{"width":940,"height":628,"url":"https:\/\/www.vallox.com\/app\/uploads\/2023\/06\/Artikkeli_VuodenKylmimpienViikkojenMuistilista_listauskuva_940x628px.jpg","type":"image\/jpeg"}],"author":"Viola Juuso","twitter_card":"summary_large_image","twitter_misc":{"Written by":"Viola Juuso","Est. reading time":"11 minutes"},"schema":{"@context":"https:\/\/schema.org","@graph":[{"@type":"Article","@id":"https:\/\/www.vallox.com\/sv\/ventilationsaggregat-och-kold\/#article","isPartOf":{"@id":"https:\/\/www.vallox.com\/sv\/ventilationsaggregat-och-kold\/"},"author":{"name":"Viola Juuso","@id":"https:\/\/www.vallox.com\/sv\/#\/schema\/person\/f044541c8c8daf7c7be6749fb9ed43fb"},"headline":"Ventilationsaggregat och k\u00f6ld","datePublished":"2020-11-15T13:54:00+00:00","dateModified":"2026-01-12T08:13:50+00:00","mainEntityOfPage":{"@id":"https:\/\/www.vallox.com\/sv\/ventilationsaggregat-och-kold\/"},"wordCount":909,"commentCount":0,"image":{"@id":"https:\/\/www.vallox.com\/sv\/ventilationsaggregat-och-kold\/#primaryimage"},"thumbnailUrl":"https:\/\/www.vallox.com\/app\/uploads\/2023\/06\/Artikkeli_VuodenKylmimpienViikkojenMuistilista_listauskuva_940x628px.jpg","keywords":["yleinen"],"articleSection":["Artiklar"],"inLanguage":"sv-SE","potentialAction":[{"@type":"CommentAction","name":"Comment","target":["https:\/\/www.vallox.com\/sv\/ventilationsaggregat-och-kold\/#respond"]}]},{"@type":"WebPage","@id":"https:\/\/www.vallox.com\/sv\/ventilationsaggregat-och-kold\/","url":"https:\/\/www.vallox.com\/sv\/ventilationsaggregat-och-kold\/","name":"Ventilationsaggregat och k\u00f6ld - Vallox","isPartOf":{"@id":"https:\/\/www.vallox.com\/sv\/#website"},"primaryImageOfPage":{"@id":"https:\/\/www.vallox.com\/sv\/ventilationsaggregat-och-kold\/#primaryimage"},"image":{"@id":"https:\/\/www.vallox.com\/sv\/ventilationsaggregat-och-kold\/#primaryimage"},"thumbnailUrl":"https:\/\/www.vallox.com\/app\/uploads\/2023\/06\/Artikkeli_VuodenKylmimpienViikkojenMuistilista_listauskuva_940x628px.jpg","datePublished":"2020-11-15T13:54:00+00:00","dateModified":"2026-01-12T08:13:50+00:00","author":{"@id":"https:\/\/www.vallox.com\/sv\/#\/schema\/person\/f044541c8c8daf7c7be6749fb9ed43fb"},"description":"Vad ska jag g\u00f6ra om v\u00e4rmev\u00e4xlaren fryser till? \u00c4r det normalt att ventilationsaggregatet samlar vatten? Kan ett maskinellt ventilationsaggregat frysa?","breadcrumb":{"@id":"https:\/\/www.vallox.com\/sv\/ventilationsaggregat-och-kold\/#breadcrumb"},"inLanguage":"sv-SE","potentialAction":[{"@type":"ReadAction","target":["https:\/\/www.vallox.com\/sv\/ventilationsaggregat-och-kold\/"]}]},{"@type":"ImageObject","inLanguage":"sv-SE","@id":"https:\/\/www.vallox.com\/sv\/ventilationsaggregat-och-kold\/#primaryimage","url":"https:\/\/www.vallox.com\/app\/uploads\/2023\/06\/Artikkeli_VuodenKylmimpienViikkojenMuistilista_listauskuva_940x628px.jpg","contentUrl":"https:\/\/www.vallox.com\/app\/uploads\/2023\/06\/Artikkeli_VuodenKylmimpienViikkojenMuistilista_listauskuva_940x628px.jpg","width":940,"height":628,"caption":"talvinenmaisema_kuvituskuva"},{"@type":"BreadcrumbList","@id":"https:\/\/www.vallox.com\/sv\/ventilationsaggregat-och-kold\/#breadcrumb","itemListElement":[{"@type":"ListItem","position":1,"name":"Home","item":"https:\/\/www.vallox.com\/sv\/"},{"@type":"ListItem","position":2,"name":"Ventilationsaggregat och k\u00f6ld"}]},{"@type":"WebSite","@id":"https:\/\/www.vallox.com\/sv\/#website","url":"https:\/\/www.vallox.com\/sv\/","name":"Vallox","description":"","potentialAction":[{"@type":"SearchAction","target":{"@type":"EntryPoint","urlTemplate":"https:\/\/www.vallox.com\/sv\/?s={search_term_string}"},"query-input":{"@type":"PropertyValueSpecification","valueRequired":true,"valueName":"search_term_string"}}],"inLanguage":"sv-SE"},{"@type":"Person","@id":"https:\/\/www.vallox.com\/sv\/#\/schema\/person\/f044541c8c8daf7c7be6749fb9ed43fb","name":"Viola Juuso","image":{"@type":"ImageObject","inLanguage":"sv-SE","@id":"https:\/\/www.vallox.com\/sv\/#\/schema\/person\/image\/","url":"https:\/\/secure.gravatar.com\/avatar\/66a06262981bfaee600d4fc405a92c846ae081d555b32e08ee7b8b43fe1fc3ba?s=96&d=mm&r=g","contentUrl":"https:\/\/secure.gravatar.com\/avatar\/66a06262981bfaee600d4fc405a92c846ae081d555b32e08ee7b8b43fe1fc3ba?s=96&d=mm&r=g","caption":"Viola Juuso"}}]}},"_links":{"self":[{"href":"https:\/\/www.vallox.com\/sv\/wp-json\/wp\/v2\/posts\/3761","targetHints":{"allow":["GET"]}}],"collection":[{"href":"https:\/\/www.vallox.com\/sv\/wp-json\/wp\/v2\/posts"}],"about":[{"href":"https:\/\/www.vallox.com\/sv\/wp-json\/wp\/v2\/types\/post"}],"author":[{"embeddable":true,"href":"https:\/\/www.vallox.com\/sv\/wp-json\/wp\/v2\/users\/5"}],"replies":[{"embeddable":true,"href":"https:\/\/www.vallox.com\/sv\/wp-json\/wp\/v2\/comments?post=3761"}],"version-history":[{"count":9,"href":"https:\/\/www.vallox.com\/sv\/wp-json\/wp\/v2\/posts\/3761\/revisions"}],"predecessor-version":[{"id":27990,"href":"https:\/\/www.vallox.com\/sv\/wp-json\/wp\/v2\/posts\/3761\/revisions\/27990"}],"wp:featuredmedia":[{"embeddable":true,"href":"https:\/\/www.vallox.com\/sv\/wp-json\/wp\/v2\/media\/4312"}],"wp:attachment":[{"href":"https:\/\/www.vallox.com\/sv\/wp-json\/wp\/v2\/media?parent=3761"}],"wp:term":[{"taxonomy":"category","embeddable":true,"href":"https:\/\/www.vallox.com\/sv\/wp-json\/wp\/v2\/categories?post=3761"},{"taxonomy":"post_tag","embeddable":true,"href":"https:\/\/www.vallox.com\/sv\/wp-json\/wp\/v2\/tags?post=3761"}],"curies":[{"name":"wp","href":"https:\/\/api.w.org\/{rel}","templated":true}]}}